{"id":1902,"date":"2017-03-07T09:33:26","date_gmt":"2017-03-07T07:33:26","guid":{"rendered":"http:\/\/cobasindra.org\/?p=1902"},"modified":"2017-03-07T09:33:26","modified_gmt":"2017-03-07T07:33:26","slug":"8m-2017-dia-internacional-de-la-mujer-trabajadora","status":"publish","type":"post","link":"https:\/\/www.sitescobas.es\/indra\/2017\/03\/07\/8m-2017-dia-internacional-de-la-mujer-trabajadora\/","title":{"rendered":"8M 2017: D\u00cdA INTERNACIONAL DE LA MUJER TRABAJADORA"},"content":{"rendered":"<p><a href=\"http:\/\/cobasindra.org\/wp-content\/uploads\/2017\/03\/Co.basMujer.jpg\"><img loading=\"lazy\" decoding=\"async\" class=\"alignleft size-medium wp-image-1903\" src=\"http:\/\/cobasindra.org\/wp-content\/uploads\/2017\/03\/Co.basMujer-300x212.jpg\" alt=\"Co.basMujer\" width=\"300\" height=\"212\" \/><\/a><\/p>\n<p>Queridas compa\u00f1eras y compa\u00f1eros,<\/p>\n<p><strong>el d\u00eda 8 de marzo<\/strong> participamos en la Manifestaci\u00f3n del d\u00eda de la Mujer Trabajadora, salimos a las callles para reivindicar nuestros derechos, queremos quedar con todos y todas vosotras, para formar parte de nuestro cortejo, en la <strong>esquina del Banco de Espa\u00f1a a las 18:40<\/strong><\/p>\n<p>&nbsp;<\/p>\n<h1 style=\"text-align: center\"><\/h1>\n<h1 style=\"text-align: center\"><strong>8M 2017: D\u00cdA INTERNACIONAL DE LA MUJER TRABAJADORA<\/strong><br \/>\n<strong>\u00a1\u00a1SEGUIMOS EN LUCHA!!<\/strong><br \/>\n<strong>\u00a1\u00a1TODOS LOS D\u00cdAS, TODOS LOS DERECHOS!!<\/strong><\/h1>\n<p>Un a\u00f1o m\u00e1s volvemos a salir a las calles el 8 de Marzo, porque un a\u00f1o m\u00e1s vemos c\u00f3mo las mujeres somos v\u00edctimas de este sistema que fomenta permanentemente las desigualdades, administradas por sus gobiernos corruptos con sus pol\u00edticas de recortes. Pol\u00edticas que hacen que el desempleo femenino, seg\u00fan datos de la EPA (Encuesta de Poblaci\u00f3n Activa) se sit\u00fae en un 20%, tres puntos por encima del de los hombres. Contin\u00faa creciendo la brecha salarial entre hombres y mujeres, llegando al 24 % en los sectores m\u00e1s feminizados. Casi el 70% de quienes cobran el salario m\u00ednimo son mujeres y la parcialidad en los contratos, tambi\u00e9n la ocupan las mujeres llegando a ser un 73%. Desde hace a\u00f1os nos han vendido que los contratos a tiempo parcial son el equivalente a la conciliaci\u00f3n de vida laboral y familiar, pero la realidad es que el 60% de las trabajadoras con contrato a tiempo parcial lo son de forma involuntaria. Y adem\u00e1s esta mal llamada \u00abconciliaci\u00f3n\u00bb asumida por las mujeres se resume en dobles y hasta triples jornadas laborales que actualmente garantizan dos tercios de las 144 millones de horas diarias de trabajo no pagado de alimentaci\u00f3n, higiene y cuidado de los dem\u00e1s.<\/p>\n<h1 style=\"text-align: center\"><strong>PENSIONES MISERABLES DESPU\u00c9S DE HABER TRABAJADO TODA LA VIDA<\/strong><\/h1>\n<p>La consecuencia de est\u00e1 precariedad laboral hace que la prestaci\u00f3n contributiva que recibimos las trabajadoras sea una media de 703 euros, frente a los 869 euros de los hombres y que por tanto nuestras pensiones sean un 31% m\u00e1s bajas. De los dos millones de personas que perciben pensiones de jubilaci\u00f3n por debajo del umbral de pobreza, el 67,3%, son mujeres.<\/p>\n<h1 style=\"text-align: center\"><strong>CON DESIGUALDAD SALARIAL NO PUEDE HABER IGUALDAD<\/strong><\/h1>\n<p>La brecha en las prestaciones de desempleo, as\u00ed como la\u00a0 diferencia de nuestras pensiones, es la expresi\u00f3n del machismo social existente y de todas las discriminaciones que sufrimos las mujeres en el mercado laboral. Una desigualdad sustentada por la burgues\u00eda y sus gobiernos para poder explotarnos a\u00fan m\u00e1s, aumentando as\u00ed sus beneficios y sobre todo dividiendo a la clase trabajadora. Esa desigualdad se duplica en el caso de las mujeres que trabajan como empleadas de hogar, que en muchas ocasiones ni siquiera est\u00e1n dadas de alta en la Seguridad Social, y que si son mujeres inmigrantes, adem\u00e1s de la precariedad laboral y el machismo, tienen que enfrentar el racismo y la xenofobia promovidos por las pol\u00edticas de los gobiernos centrales, auton\u00f3micos, e incluso de los Ayuntamientos.<\/p>\n<h1 style=\"text-align: center\"><strong>DISCULPEN, \u00a1NOS SIGUEN MATANDO!<\/strong><\/h1>\n<p>Desde que empez\u00f3 este a\u00f1o 2017 llevamos 17 mujeres asesinadas. La violencia machista mata, y a este gobierno es evidente que no le importa puesto que no hace nada. La falta de recursos materiales que tienen muchas mujeres para escapar de esta violencia, la ineficacia de un sistema judicial que sigue plagado de estereotipos machistas y el fracaso de una Ley insuficiente a la que nunca, y menos desde que estall\u00f3 la crisis, se dot\u00f3 del presupuesto necesario, hacen que el n\u00famero de v\u00edctimas siga aumentando. Por eso, \u00a1por ellas, por las que ya no est\u00e1n, salgamos a las calles, <strong>NI UNA MENOS!<\/strong><\/p>\n<h1 style=\"text-align: center\"><strong>DOBLEMENTE OPRIMIDAS<\/strong><\/h1>\n<p>Doblemente discriminadas somos tambi\u00e9n las trabajadoras estigmatizadas por nuestra orientaci\u00f3n sexual. Soportamos la presi\u00f3n de la lesbofofia o la transfobia en nuestra vida social y laboral: despidos, denegaci\u00f3n de empleo, salarios m\u00e1s bajos, acoso constante en el trabajo o en los centros de estudios. Las amenazas, agresiones f\u00edsicas y vejaciones contra la comunidad LGTBI siguen aumentando en este pa\u00eds.<\/p>\n<h1 style=\"text-align: center\"><strong>\u00a1Por un 8M DE CLASE Y COMBATIVO!<\/strong><\/h1>\n<h2>Porque para nosotras todos los d\u00edas son d\u00edas de lucha y de defensa de nuestros derechos. Porque seguimos el ejemplo de todas las trabajadoras que resisten y se movilizan: las jornaleras andaluzas, las estibadoras, las limpiadoras, dependientas, camareras de hoteles, pensionistas, las que combaten la la violencia machista en muchos lugares del mundo, etc\u2026 Por todas ellas y por las que no est\u00e1n, salgamos una vez m\u00e1s a la calle este 8 de marzo D\u00eda Internacional de la Mujer Trabajadora.<br \/>\nParticipa con las compa\u00f1eras\/os de CO.BAS en MADRID en la <span style=\"color: #ff0000\">Manifestaci\u00f3n del 8 de Marzo a las 19h. desde Cibeles a Plaza de Espa\u00f1a<\/span><\/h2>\n<h2 style=\"text-align: center\"><strong>\u00a1A igual trabajo, igual salario!\u00a1Pleno empleo! \u00a1Reducci\u00f3n de jornada sin reducci\u00f3n salarial!<\/strong><\/h2>\n<h2 style=\"text-align: center\"><strong>\u00a1Fuera las reformas laborales, la precariedad y los ERES Y ERTES!<\/strong><\/h2>\n<h2 style=\"text-align: center\"><strong>\u00a1No a los recortes en la Ley de Dependencia, que nos responsabiliza a las mujeres de los cuidados!<\/strong><\/h2>\n<h2 style=\"text-align: center\"><strong>\u00a1Basta ya de violencia machista! \u00a1Recursos suficientes para la prevenci\u00f3n y protecci\u00f3n de las mujeres maltratadas!<\/strong><\/h2>\n<h2 style=\"text-align: center\"><strong>\u00a1Por nuestro derecho a decidir!\u00a1Aborto libre, seguro y gratuito en la Seguridad Social!<\/strong><\/h2>\n<h2 style=\"text-align: center\"><strong>\u00a1Stop homofobia, lesbofobia, transfobia y discriminaci\u00f3n por orientaci\u00f3n sexual!<\/strong><\/h2>\n<h2 style=\"text-align: center\"><strong>\u00a1Suspensi\u00f3n del pago de la deuda! \u00a1Educaci\u00f3n, sanidad y servicios p\u00fablicos de calidad!<\/strong><\/h2>\n<p>&nbsp;<\/p>\n","protected":false},"excerpt":{"rendered":"<div class=\"mh-excerpt\">Queridas compa\u00f1eras y compa\u00f1eros, el d\u00eda 8 de marzo participamos en la Manifestaci\u00f3n del d\u00eda de la Mujer Trabajadora, salimos a las callles para reivindicar nuestros derechos, queremos quedar con todos y todas vosotras, para <a class=\"mh-excerpt-more\" href=\"https:\/\/www.sitescobas.es\/indra\/2017\/03\/07\/8m-2017-dia-internacional-de-la-mujer-trabajadora\/\" title=\"8M 2017: D\u00cdA INTERNACIONAL DE LA MUJER TRABAJADORA\">[&#8230;]<\/a><\/div>\n","protected":false},"author":2,"featured_media":0,"comment_status":"open","ping_status":"closed","sticky":false,"template":"","format":"standard","meta":{"_kadence_starter_templates_imported_post":false,"footnotes":""},"categories":[13],"tags":[64,47,27,24,26],"class_list":{"0":"post-1902","1":"post","2":"type-post","3":"status-publish","4":"format-standard","6":"category-cobas-indra","7":"tag-igualdad","8":"tag-mujer","9":"tag-protesta","10":"tag-salario","11":"tag-sindicatos"},"_links":{"self":[{"href":"https:\/\/www.sitescobas.es\/indra\/wp-json\/wp\/v2\/posts\/1902","targetHints":{"allow":["GET"]}}],"collection":[{"href":"https:\/\/www.sitescobas.es\/indra\/wp-json\/wp\/v2\/posts"}],"about":[{"href":"https:\/\/www.sitescobas.es\/indra\/wp-json\/wp\/v2\/types\/post"}],"author":[{"embeddable":true,"href":"https:\/\/www.sitescobas.es\/indra\/wp-json\/wp\/v2\/users\/2"}],"replies":[{"embeddable":true,"href":"https:\/\/www.sitescobas.es\/indra\/wp-json\/wp\/v2\/comments?post=1902"}],"version-history":[{"count":0,"href":"https:\/\/www.sitescobas.es\/indra\/wp-json\/wp\/v2\/posts\/1902\/revisions"}],"wp:attachment":[{"href":"https:\/\/www.sitescobas.es\/indra\/wp-json\/wp\/v2\/media?parent=1902"}],"wp:term":[{"taxonomy":"category","embeddable":true,"href":"https:\/\/www.sitescobas.es\/indra\/wp-json\/wp\/v2\/categories?post=1902"},{"taxonomy":"post_tag","embeddable":true,"href":"https:\/\/www.sitescobas.es\/indra\/wp-json\/wp\/v2\/tags?post=1902"}],"curies":[{"name":"wp","href":"https:\/\/api.w.org\/{rel}","templated":true}]}}