{"id":1898,"date":"2017-02-28T15:28:24","date_gmt":"2017-02-28T13:28:24","guid":{"rendered":"http:\/\/cobasindra.org\/?p=1898"},"modified":"2017-02-28T15:28:24","modified_gmt":"2017-02-28T13:28:24","slug":"indra-despide-1750-trabajadores-con-el-ere-y-quiere-1500-becarios-a-supervisar-durante-un-ano","status":"publish","type":"post","link":"https:\/\/www.sitescobas.es\/indra\/2017\/02\/28\/indra-despide-1750-trabajadores-con-el-ere-y-quiere-1500-becarios-a-supervisar-durante-un-ano\/","title":{"rendered":"Indra despide 1750 Trabajadores con el \u20acR\u20ac y quiere 1500 Becarios &#8216;a supervisar&#8217; durante un a\u00f1o"},"content":{"rendered":"<p><a href=\"http:\/\/cobasindra.org\/wp-content\/uploads\/2017\/02\/CarteINDRAPeq2Beca.jpg\" target=\"_blank\" rel=\"noopener noreferrer\"><img loading=\"lazy\" decoding=\"async\" class=\"aligncenter wp-image-1899 size-full\" src=\"http:\/\/cobasindra.org\/wp-content\/uploads\/2017\/02\/CarteINDRAPeq2Beca.jpg\" alt=\"CarteINDRAPeq2Beca\" width=\"900\" height=\"927\" \/><\/a><\/p>\n<p>Estimados Compa\u00f1eros y Compa\u00f1eras:<\/p>\n<p>estos d\u00edas han aparecido noticias en las que se presume de\u00a0 lo bien que va Indra (de lo cual nos alegrar\u00edamos mucho si los trabajadores lo percibi\u00e9semos) y de lo mucho que contratan (como si se nos hubiese olvidado que han despedido a m\u00e1s de 1.700 compa\u00f1eros en el \u20acR\u20ac Salvaje) .<\/p>\n<p>Os las adjuntamos:<\/p>\n<p><strong><span style=\"text-decoration: underline\"><span style=\"color: #0000ff;text-decoration: underline\"><a style=\"color: #0000ff;text-decoration: underline\" href=\"http:\/\/www.abc.es\/economia\/abci-indra-contratara-1500-recien-titulados-largo-201702271254_noticia.html\" target=\"_blank\" rel=\"noopener noreferrer\">ABC<\/a><\/span><\/span><\/strong><\/p>\n<p><strong><span style=\"text-decoration: underline\"><span style=\"color: #0000ff;text-decoration: underline\"><a style=\"color: #0000ff;text-decoration: underline\" href=\"http:\/\/www.eleconomista.es\/telecomunicaciones-tecnologia\/noticias\/8184048\/02\/17\/Indra-incorporara-a-1500-universitarios-y-recien-titulados-durante-2017.html\" target=\"_blank\" rel=\"noopener noreferrer\">eleconomista<\/a><\/span><\/span><\/strong><\/p>\n<p class=\"selectionShareable\">Entre otras cosas dicen:<\/p>\n<blockquote>\n<p class=\"selectionShareable\"><em><span style=\"color: #00ccff\">La firma demanda j\u00f3venes reci\u00e9n titulados y estudiantes que est\u00e9n finalizando sus estudios de grado o m\u00e1ster en titulaciones cient\u00edfico-tecnol\u00f3gicas (&#8230;).<\/span><\/em><\/p>\n<p class=\"selectionShareable\"><em><span style=\"color: #00ccff\">Durante el primer a\u00f1o, un mentor supervisar\u00e1 el trabajo de estos j\u00f3venes, a los que orientar\u00e1 en el desarrollo de su carrera profesional en la compa\u00f1\u00eda.<\/span><\/em><\/p>\n<\/blockquote>\n<p class=\"selectionShareable\">Despiden a 1750 trabajadores y contratan a 1.500 que durante un a\u00f1o tienen que estar supervisados, vaya\u00a1\u00a1 parece que le compensar\u00e1 mucho a Indra\u00a1\u00a1&#8230;.<\/p>\n<p class=\"selectionShareable\">A los que no compensar\u00e1 ser\u00e1 a los no tan j\u00f3venes, pero si experimentados.<\/p>\n<p class=\"selectionShareable\">\n","protected":false},"excerpt":{"rendered":"<div class=\"mh-excerpt\">Estimados Compa\u00f1eros y Compa\u00f1eras: estos d\u00edas han aparecido noticias en las que se presume de\u00a0 lo bien que va Indra (de lo cual nos alegrar\u00edamos mucho si los trabajadores lo percibi\u00e9semos) y de lo mucho <a class=\"mh-excerpt-more\" href=\"https:\/\/www.sitescobas.es\/indra\/2017\/02\/28\/indra-despide-1750-trabajadores-con-el-ere-y-quiere-1500-becarios-a-supervisar-durante-un-ano\/\" title=\"Indra despide 1750 Trabajadores con el \u20acR\u20ac y quiere 1500 Becarios &#8216;a supervisar&#8217; durante un a\u00f1o\">[&#8230;]<\/a><\/div>\n","protected":false},"author":2,"featured_media":0,"comment_status":"open","ping_status":"closed","sticky":false,"template":"","format":"standard","meta":{"_kadence_starter_templates_imported_post":false,"footnotes":""},"categories":[13],"tags":[32,45,60,27],"class_list":{"0":"post-1898","1":"post","2":"type-post","3":"status-publish","4":"format-standard","6":"category-cobas-indra","7":"tag-despidos","8":"tag-ere-en-indra","9":"tag-noticias-indra","10":"tag-protesta"},"_links":{"self":[{"href":"https:\/\/www.sitescobas.es\/indra\/wp-json\/wp\/v2\/posts\/1898","targetHints":{"allow":["GET"]}}],"collection":[{"href":"https:\/\/www.sitescobas.es\/indra\/wp-json\/wp\/v2\/posts"}],"about":[{"href":"https:\/\/www.sitescobas.es\/indra\/wp-json\/wp\/v2\/types\/post"}],"author":[{"embeddable":true,"href":"https:\/\/www.sitescobas.es\/indra\/wp-json\/wp\/v2\/users\/2"}],"replies":[{"embeddable":true,"href":"https:\/\/www.sitescobas.es\/indra\/wp-json\/wp\/v2\/comments?post=1898"}],"version-history":[{"count":0,"href":"https:\/\/www.sitescobas.es\/indra\/wp-json\/wp\/v2\/posts\/1898\/revisions"}],"wp:attachment":[{"href":"https:\/\/www.sitescobas.es\/indra\/wp-json\/wp\/v2\/media?parent=1898"}],"wp:term":[{"taxonomy":"category","embeddable":true,"href":"https:\/\/www.sitescobas.es\/indra\/wp-json\/wp\/v2\/categories?post=1898"},{"taxonomy":"post_tag","embeddable":true,"href":"https:\/\/www.sitescobas.es\/indra\/wp-json\/wp\/v2\/tags?post=1898"}],"curies":[{"name":"wp","href":"https:\/\/api.w.org\/{rel}","templated":true}]}}