{"id":1874,"date":"2017-02-17T09:20:24","date_gmt":"2017-02-17T07:20:24","guid":{"rendered":"http:\/\/cobasindra.org\/?p=1874"},"modified":"2017-02-17T09:20:24","modified_gmt":"2017-02-17T07:20:24","slug":"por-el-mantenimiento-del-empleo-y-el-poder-adquisitivo","status":"publish","type":"post","link":"https:\/\/www.sitescobas.es\/indra\/2017\/02\/17\/por-el-mantenimiento-del-empleo-y-el-poder-adquisitivo\/","title":{"rendered":"Por el mantenimiento del empleo y el poder adquisitivo"},"content":{"rendered":"<h2 style=\"text-align: center\"><span style=\"color: #ff0000\"><strong>\u00a1Por el mantenimiento del empleo y el poder adquisitivo!<\/strong><\/span><\/h2>\n<p><a href=\"http:\/\/cobasindra.org\/wp-content\/uploads\/2015\/11\/AMBOS.png\"><img loading=\"lazy\" decoding=\"async\" class=\"alignleft size-full wp-image-1129\" src=\"http:\/\/cobasindra.org\/wp-content\/uploads\/2015\/11\/AMBOS.png\" alt=\"CO.BAS CGT\" width=\"165\" height=\"92\" \/><\/a>Estimados compa\u00f1eros y compa\u00f1eras:<\/p>\n<p>C\u00f3mo muchos\u00a0de\u00a0vosotros y vosotras sabr\u00e9is, Indra ha convocado Junta Extraordinaria\u00a0de\u00a0Accionistas para aprobar una ampliaci\u00f3n\u00a0de\u00a0capital que se\u00a0destinar\u00e1 a la compra\u00a0de\u00a0TECNOCOM.<\/p>\n<p>De\u00a0la misma forma que el ERE que hemos sufrido fu\u00e9 el comienzo\u00a0del famoso \u00abPlan Estrat\u00e9gico\u00bb\u00a0de\u00a0Abril-Martorell, esta operaci\u00f3n se ve marcada tambi\u00e9n en su inicio por el anuncio\u00a0de\u00a0un nuevo ERE.<\/p>\n<p>No han analizado abiertamente el\u00a0desastre provocado en los proyectos con este ERE y ahora van a por otro.<\/p>\n<p>Nos parece injustificable que ejecutasen el ERE por \u00abcausas econ\u00f3micas\u00bb y hoy tengamos este anuncio encima\u00a0de\u00a0la mesa. Un anuncio que ya beneficia a unos pocos y, seg\u00fan parece, nos va a perjudicar a muchos.<\/p>\n<p>Por estos motivos, CGT y CoBas convocamos concentraci\u00f3n el d\u00eda\u00a0de\u00a0la Junta Extraordinaria\u00a0de\u00a0Accionistas en la entrada\u00a0de\u00a0Arroyo\u00a0de\u00a0la Vega. A los que est\u00e9is en Madrid, os animamos que os pas\u00e9is a la hora\u00a0de\u00a0la comida para compartir opiniones y\u00a0propuestas con los\u00a0delegados concentrados.<\/p>\n<p>En el resto\u00a0de\u00a0centros\u00a0de\u00a0Indra Sistemas, os animamos a que con la Representaci\u00f3n Legal\u00a0de\u00a0los Trabajadores\u00a0de\u00a0vuestros centros, os concentr\u00e9is en las puertas a la hora\u00a0de\u00a0la comida durante media hora.<\/p>\n<h2 style=\"text-align: center\"><span style=\"color: #ff0000\"><strong>\u00a1 POR UN PLAN DE<\/strong><\/span><\/h2>\n<h2 style=\"text-align: center\"><span style=\"color: #ff0000\"><strong>MANTENIMIENTO DEL EMPLEO<\/strong><\/span><\/h2>\n<h2 style=\"text-align: center\"><span style=\"color: #ff0000\"><strong>Y DEL PODER ADQUISITIVO !<\/strong><\/span><\/h2>\n<h2 style=\"text-align: center\"><\/h2>\n<h2 style=\"text-align: center\"><strong>\u00a1NI DESPIDOS NI PRECARIZACI\u00d3N!<\/strong><\/h2>\n<h2 style=\"text-align: center\"><span style=\"color: #ff0000\"><strong>\u00a1ACOMP\u00c1\u00d1ANOS EN LA CALLE!<\/strong><\/span><\/h2>\n<p style=\"text-align: center\">De <strong>13:30h a 14:00h<\/strong> puedes apoyar con tu presencia esta concentraci\u00f3n.<\/p>\n<h3 style=\"text-align: center\"><strong>Nosotr@s estaremos desde las 11:30 a 14:00 h. <\/strong><\/h3>\n<h3 style=\"text-align: center\"><span style=\"color: #ff0000\"><strong>(<\/strong><strong>Lunes 20 \/ Martes 21 de Febrero<\/strong><strong>)<\/strong><\/span><\/h3>\n<h3 style=\"text-align: center\"><strong><em>Puerta Principal de INDRA \u00a0\u00a0(Arroyo de la Vega) <\/em><\/strong><\/h3>\n<p>&nbsp;<\/p>\n<p><a href=\"http:\/\/cobasindra.org\/wp-content\/uploads\/2015\/11\/AMBOS.png\"><img loading=\"lazy\" decoding=\"async\" class=\"size-full wp-image-1129 aligncenter\" src=\"http:\/\/cobasindra.org\/wp-content\/uploads\/2015\/11\/AMBOS.png\" alt=\"CO.BAS CGT\" width=\"165\" height=\"92\" \/><\/a><\/p>\n","protected":false},"excerpt":{"rendered":"<div class=\"mh-excerpt\">\u00a1Por el mantenimiento del empleo y el poder adquisitivo! Estimados compa\u00f1eros y compa\u00f1eras: C\u00f3mo muchos\u00a0de\u00a0vosotros y vosotras sabr\u00e9is, Indra ha convocado Junta Extraordinaria\u00a0de\u00a0Accionistas para aprobar una ampliaci\u00f3n\u00a0de\u00a0capital que se\u00a0destinar\u00e1 a la compra\u00a0de\u00a0TECNOCOM. De\u00a0la misma forma <a class=\"mh-excerpt-more\" href=\"https:\/\/www.sitescobas.es\/indra\/2017\/02\/17\/por-el-mantenimiento-del-empleo-y-el-poder-adquisitivo\/\" title=\"Por el mantenimiento del empleo y el poder adquisitivo\">[&#8230;]<\/a><\/div>\n","protected":false},"author":2,"featured_media":0,"comment_status":"open","ping_status":"closed","sticky":false,"template":"","format":"standard","meta":{"_kadence_starter_templates_imported_post":false,"footnotes":""},"categories":[13],"tags":[32,45,36,27,24,26],"class_list":{"0":"post-1874","1":"post","2":"type-post","3":"status-publish","4":"format-standard","6":"category-cobas-indra","7":"tag-despidos","8":"tag-ere-en-indra","9":"tag-junta-accionistas","10":"tag-protesta","11":"tag-salario","12":"tag-sindicatos"},"_links":{"self":[{"href":"https:\/\/www.sitescobas.es\/indra\/wp-json\/wp\/v2\/posts\/1874","targetHints":{"allow":["GET"]}}],"collection":[{"href":"https:\/\/www.sitescobas.es\/indra\/wp-json\/wp\/v2\/posts"}],"about":[{"href":"https:\/\/www.sitescobas.es\/indra\/wp-json\/wp\/v2\/types\/post"}],"author":[{"embeddable":true,"href":"https:\/\/www.sitescobas.es\/indra\/wp-json\/wp\/v2\/users\/2"}],"replies":[{"embeddable":true,"href":"https:\/\/www.sitescobas.es\/indra\/wp-json\/wp\/v2\/comments?post=1874"}],"version-history":[{"count":0,"href":"https:\/\/www.sitescobas.es\/indra\/wp-json\/wp\/v2\/posts\/1874\/revisions"}],"wp:attachment":[{"href":"https:\/\/www.sitescobas.es\/indra\/wp-json\/wp\/v2\/media?parent=1874"}],"wp:term":[{"taxonomy":"category","embeddable":true,"href":"https:\/\/www.sitescobas.es\/indra\/wp-json\/wp\/v2\/categories?post=1874"},{"taxonomy":"post_tag","embeddable":true,"href":"https:\/\/www.sitescobas.es\/indra\/wp-json\/wp\/v2\/tags?post=1874"}],"curies":[{"name":"wp","href":"https:\/\/api.w.org\/{rel}","templated":true}]}}