{"id":1828,"date":"2017-01-20T13:45:51","date_gmt":"2017-01-20T11:45:51","guid":{"rendered":"http:\/\/cobasindra.org\/?p=1828"},"modified":"2017-01-20T13:45:51","modified_gmt":"2017-01-20T11:45:51","slug":"conclusiones-a-fin-del-ere-en-indra","status":"publish","type":"post","link":"https:\/\/www.sitescobas.es\/indra\/2017\/01\/20\/conclusiones-a-fin-del-ere-en-indra\/","title":{"rendered":"Conclusiones a Fin del \u20acR\u20ac en Indra"},"content":{"rendered":"<p><a href=\"http:\/\/cobasindra.org\/wp-content\/uploads\/2015\/08\/bolas-mani-no-ere.png\"><img loading=\"lazy\" decoding=\"async\" class=\"alignleft size-medium wp-image-964\" src=\"http:\/\/cobasindra.org\/wp-content\/uploads\/2015\/08\/bolas-mani-no-ere-300x219.png\" alt=\"bolas-mani-no-ere\" width=\"300\" height=\"219\" \/><\/a>Estimados Compa\u00f1eros y Compa\u00f1eras:<\/p>\n<p>A partir de la <span style=\"text-decoration: underline\"><strong><span style=\"color: #0000ff;text-decoration: underline\"><a style=\"color: #0000ff;text-decoration: underline\" href=\"http:\/\/cincodias.com\/cincodias\/2017\/01\/18\/empresas\/1484768247_573562.html\" target=\"_blank\" rel=\"noopener noreferrer\">noticia de la compra de Tecnocom por parte de Indra<\/a><\/span><\/strong><\/span>:<\/p>\n<p><span style=\"color: #3366ff\"><em>\u00abIndra anunci\u00f3 a finales de noviembre el lanzamiento de una oferta p\u00fablica de adquisici\u00f3n (OPA) de acciones por el 100% del capital de Tecnocom por un importe de <\/em><span style=\"color: #ff0000\"><em><strong>305 millones de euros<\/strong><\/em><\/span><em>, excluyendo autocartera, a raz\u00f3n de 4,25 euros por acci\u00f3n.\u00bb<\/em><\/span><\/p>\n<p>Pasamos a haceros un resumen de lo que ha pasado en Indra en estos \u00faltimos tiempos, para que no se nos olvide:<\/p>\n<p>Tal y como dijimos en la <span style=\"text-decoration: underline\"><strong><span style=\"color: #0000ff;text-decoration: underline\"><a style=\"color: #0000ff;text-decoration: underline\" href=\"http:\/\/cobasindra.org\/2016\/07\/01\/lectura-de-co-bas-en-la-junta-de-accionistas\/\" target=\"_blank\" rel=\"noopener noreferrer\">junta de accionistas <\/a><\/span><\/strong><\/span>:<\/p>\n<p><span style=\"color: #3366ff\"><em>\u00abSi las ventas se incrementaron un 8.41% realmente, y el coste de personal se redujo un 0,29% respecto a 2013 donde exist\u00eda un beneficio operativo de 120.4 millones de euros, significa que <\/em><em><strong>los resultados operativos del 2014 donde la empresa declara p\u00e9rdidas por 85.2 millones de euros, no se deben en ning\u00fan caso a la influencia de la partida de gastos de personal<\/strong><\/em><\/span><\/p>\n<p><span style=\"color: #3366ff\"><em>(..)<\/em><\/span><\/p>\n<p><span style=\"color: #3366ff\"><em>Consideramos este ERE sumamente injusto porque hace pagar a los trabajadores y trabajadoras, el principal activo de la compa\u00f1\u00eda, una situaci\u00f3n de la que no somos responsables, mientras a los que toman las decisiones les invitan a irse con indemnizaciones millonarias de las que ni sabemos la cuant\u00eda salvo algunos casos por las filtraciones en los medios de comunicaci\u00f3n. <\/em><em><strong>\u00bfA cu\u00e1ntos compa\u00f1eros y compa\u00f1eras se les ha despedido con salarios de 16.000 euros y, gracias a esos \u201cesfuerzos\u201d, cu\u00e1ntos directivos se han podido despedir con indemnizaciones millonarias?<\/strong><\/em><\/span><\/p>\n<p><span style=\"color: #3366ff\"><em>(..)<\/em><\/span><\/p>\n<p><span style=\"color: #3366ff\"><em>Mientras se est\u00e1 despidiendo a trabajadores y trabajadoras muy competentes en los proyectos, se est\u00e1 contratando y se hace con unos precios muy por encima de la mayor\u00eda de los afectados y afectadas por el ERE, entre otras cosas porque <\/em><em><strong>ha habido un elevado n\u00ba de personas despedidas forzosas con reducci\u00f3n de jornada<\/strong><\/em><em>.\u00bb<\/em><\/span><\/p>\n<p>Y seg\u00fan os contamos <span style=\"text-decoration: underline\"><strong><span style=\"color: #0000ff;text-decoration: underline\"><a style=\"color: #0000ff;text-decoration: underline\" href=\"http:\/\/cobasindra.org\/2016\/05\/04\/pocus-concertacion\/\" target=\"_blank\" rel=\"noopener noreferrer\">aqu\u00ed<\/a><\/span><\/strong><\/span>:<\/p>\n<p><span style=\"color: #3366ff\"><em><strong><u>Seguimiento<\/u><\/strong><\/em><em>:<\/em><\/span><\/p>\n<p><span style=\"color: #3366ff\"><em>\u00a0\u00bfC\u00f3mo ha ido la gesti\u00f3n corporativa?<\/em><\/span><\/p>\n<ol>\n<li><span style=\"color: #3366ff\"><em>Seguimos con p\u00e9rdidas\u2026 de hasta el 450%<\/em><\/span><\/li>\n<li><span style=\"color: #3366ff\"><em>Han echado directivos por montos de millones de euros<\/em><\/span><\/li>\n<li><span style=\"color: #3366ff\"><em>Han echado a trabajadores con sueldos inferiores a los 1000 euros<\/em><\/span><\/li>\n<li><span style=\"color: #3366ff\"><em>Los proyectos sudan sangre para poder seguir, adapt\u00e1ndose a los despidos<\/em><\/span><\/li>\n<li><span style=\"color: #3366ff\"><em>Indra ha sido demandada por incumplimiento de contrato en Ecuador<\/em><\/span><\/li>\n<li><span style=\"color: #3366ff\"><em>Indra ha sido salpicada por la trama p\u00fanica<\/em><\/span><\/li>\n<li><span style=\"color: #3366ff\"><em>Los trabajadores han sufrido una p\u00e9rdida de salario\u2026 mientras \u00bfellos? se lo llevan muerto\u2026. <\/em><\/span>\n<ol>\n<li><span style=\"color: #3366ff\"><em><strong>El Presidente de Indra parece ser que se llev\u00f3 1,31 Millones de Euros de Indra en su primer a\u00f1o como Presidente<\/strong><\/em><em>\u2026.(siempre seg\u00fan <\/em><span style=\"text-decoration: underline;color: #0000ff\"><a style=\"color: #0000ff;text-decoration: underline\" href=\"http:\/\/www.mundiario.com\/articulo\/economia\/abril-martorell-llevo-131-millones-euros-indra-primer-ano-presidente\/20160426124132058815.html\" target=\"_blank\" rel=\"noopener noreferrer\"><strong>publicaciones en los medios de comunicaci\u00f3n<\/strong><\/a><\/span><em>)<\/em><\/span><\/li>\n<li><span style=\"color: #3366ff\"><em><strong>En 2014 la remuneraci\u00f3n total de la alta direcci\u00f3n (en miles de euros) fue 6.064 y en 2015, con p\u00e9rdidas que \u2018supuestamente\u2019 justificaban el \u20acR\u20ac, la remuneraci\u00f3n total de la alta direcci\u00f3n (en miles de euros) fue 15.252, m\u00e1s del doble que en 2014\u2026 (<\/strong><\/em><em>seg\u00fan datos publicados en la<strong> CNMV)<\/strong><\/em><\/span><\/li>\n<\/ol>\n<\/li>\n<\/ol>\n<p>Y teniendo en cuenta que ha habido las siguientes Indemnizaciones desde 2012: seg\u00fan <span style=\"text-decoration: underline\"><strong><span style=\"color: #0000ff;text-decoration: underline\"><a style=\"color: #0000ff;text-decoration: underline\" href=\"http:\/\/www.elconfidencial.com\/empresas\/2015-10-05\/indra-paga-otra-indemnizacion-millonaria-para-limpiar-a-los-hombres-de-monzon_1047314\/\" target=\"_blank\" rel=\"noopener noreferrer\">noticia <\/a><\/span><\/strong><\/span><\/p>\n<p>Javier Monz\u00f3n <span style=\"color: #ff0000\"><strong>14,5 millones<\/strong><\/span><\/p>\n<p>Regino Moranchel: <span style=\"color: #ff0000\"><strong>9 millones<\/strong><\/span><\/p>\n<p>Santiago Roura <span style=\"color: #ff0000\"><strong>4,5 millones<\/strong><\/span><\/p>\n<p>Juan Carlos Baena <span style=\"color: #ff0000\"><strong>4,5 millones<\/strong><\/span><\/p>\n<p>Emilio D\u00edaz <span style=\"color: #ff0000\"><strong>4,5 millones<\/strong><\/span><\/p>\n<p>Emma Fern\u00e1ndez <span style=\"color: #ff0000\"><strong>3 millones<\/strong><\/span><\/p>\n<p>&nbsp;<\/p>\n<h3 style=\"text-align: center\"><span style=\"color: #0000ff\">No hay m\u00e1s preguntas, se\u00f1or\u00eda. <\/span><\/h3>\n<h3 style=\"text-align: center\"><span style=\"color: #0000ff\">Vuestras son las conclusiones<\/span><\/h3>\n<p>&nbsp;<\/p>\n<p>&nbsp;<\/p>\n","protected":false},"excerpt":{"rendered":"<div class=\"mh-excerpt\">Estimados Compa\u00f1eros y Compa\u00f1eras: A partir de la noticia de la compra de Tecnocom por parte de Indra: \u00abIndra anunci\u00f3 a finales de noviembre el lanzamiento de una oferta p\u00fablica de adquisici\u00f3n (OPA) de acciones <a class=\"mh-excerpt-more\" href=\"https:\/\/www.sitescobas.es\/indra\/2017\/01\/20\/conclusiones-a-fin-del-ere-en-indra\/\" title=\"Conclusiones a Fin del \u20acR\u20ac en Indra\">[&#8230;]<\/a><\/div>\n","protected":false},"author":2,"featured_media":0,"comment_status":"open","ping_status":"closed","sticky":false,"template":"","format":"standard","meta":{"_kadence_starter_templates_imported_post":false,"footnotes":""},"categories":[13],"tags":[32,45,36],"class_list":{"0":"post-1828","1":"post","2":"type-post","3":"status-publish","4":"format-standard","6":"category-cobas-indra","7":"tag-despidos","8":"tag-ere-en-indra","9":"tag-junta-accionistas"},"_links":{"self":[{"href":"https:\/\/www.sitescobas.es\/indra\/wp-json\/wp\/v2\/posts\/1828","targetHints":{"allow":["GET"]}}],"collection":[{"href":"https:\/\/www.sitescobas.es\/indra\/wp-json\/wp\/v2\/posts"}],"about":[{"href":"https:\/\/www.sitescobas.es\/indra\/wp-json\/wp\/v2\/types\/post"}],"author":[{"embeddable":true,"href":"https:\/\/www.sitescobas.es\/indra\/wp-json\/wp\/v2\/users\/2"}],"replies":[{"embeddable":true,"href":"https:\/\/www.sitescobas.es\/indra\/wp-json\/wp\/v2\/comments?post=1828"}],"version-history":[{"count":0,"href":"https:\/\/www.sitescobas.es\/indra\/wp-json\/wp\/v2\/posts\/1828\/revisions"}],"wp:attachment":[{"href":"https:\/\/www.sitescobas.es\/indra\/wp-json\/wp\/v2\/media?parent=1828"}],"wp:term":[{"taxonomy":"category","embeddable":true,"href":"https:\/\/www.sitescobas.es\/indra\/wp-json\/wp\/v2\/categories?post=1828"},{"taxonomy":"post_tag","embeddable":true,"href":"https:\/\/www.sitescobas.es\/indra\/wp-json\/wp\/v2\/tags?post=1828"}],"curies":[{"name":"wp","href":"https:\/\/api.w.org\/{rel}","templated":true}]}}