{"id":1805,"date":"2016-11-22T08:44:27","date_gmt":"2016-11-22T06:44:27","guid":{"rendered":"http:\/\/cobasindra.org\/?p=1805"},"modified":"2016-11-22T08:44:27","modified_gmt":"2016-11-22T06:44:27","slug":"estado-del-recurso-del-ere-en-indra","status":"publish","type":"post","link":"https:\/\/www.sitescobas.es\/indra\/2016\/11\/22\/estado-del-recurso-del-ere-en-indra\/","title":{"rendered":"Estado del Recurso del \u20acR\u20ac en Indra"},"content":{"rendered":"<p><span style=\"font-size: 10.0pt;font-family: 'Arial','sans-serif'\"><a href=\"http:\/\/cobasindra.org\/wp-content\/uploads\/2016\/06\/bola-cobas-2.png\" rel=\"attachment wp-att-1726\"><img loading=\"lazy\" decoding=\"async\" class=\"alignleft size-medium wp-image-1726\" src=\"http:\/\/cobasindra.org\/wp-content\/uploads\/2016\/06\/bola-cobas-2-189x300.png\" alt=\"bola-cobas-2\" width=\"189\" height=\"300\" \/><\/a>Estimados compa\u00f1eros y compa\u00f1eras:<\/span><\/p>\n<p><span style=\"font-size: 10pt;font-family: 'Arial','sans-serif'\">El 30 de septiembre recibimos en <strong><span style=\"color: #ff0000\">co.bas<\/span><\/strong> un correo del Tribunal Supremo indicando que en esa fecha a\u00fan no se hab\u00eda citado para resolver el recurso.<\/span><\/p>\n<p><span style=\"font-size: 10.0pt;font-family: 'Arial','sans-serif'\">Queremos recordar a todos aquellos compa\u00f1eros que nos est\u00e1is preguntando, a los que hab\u00e9is ya puesto la demanda o a los que est\u00e1is pendientes de poner <b>demandas individuales por el ERE<\/b>, que<b> todas ellas est\u00e1n pendientes del recurso<\/b>, y que aunque saliera en prensa publicado que ya hay recurso,<b> el plazo no empezar\u00eda a contar hasta que se reciba oficialmente la notificaci\u00f3n de la sentencia.<\/b><\/span><\/p>\n<p><span style=\"font-size: 10.0pt;font-family: 'Arial','sans-serif'\">Esto, aunque quiz\u00e1s sea una obviedad, conviene advertirlo para mayor tranquilidad de todos los compa\u00f1eros que est\u00e1n pendientes de poner la demanda individual y tienen los <strong>15 d\u00edas de plazo<\/strong>.<\/span><\/p>\n","protected":false},"excerpt":{"rendered":"<div class=\"mh-excerpt\">Estimados compa\u00f1eros y compa\u00f1eras: El 30 de septiembre recibimos en co.bas un correo del Tribunal Supremo indicando que en esa fecha a\u00fan no se hab\u00eda citado para resolver el recurso. Queremos recordar a todos aquellos <a class=\"mh-excerpt-more\" href=\"https:\/\/www.sitescobas.es\/indra\/2016\/11\/22\/estado-del-recurso-del-ere-en-indra\/\" title=\"Estado del Recurso del \u20acR\u20ac en Indra\">[&#8230;]<\/a><\/div>\n","protected":false},"author":2,"featured_media":0,"comment_status":"open","ping_status":"closed","sticky":false,"template":"","format":"standard","meta":{"_kadence_starter_templates_imported_post":false,"footnotes":""},"categories":[13],"tags":[48,45],"class_list":{"0":"post-1805","1":"post","2":"type-post","3":"status-publish","4":"format-standard","6":"category-cobas-indra","7":"tag-denuncias-indra","8":"tag-ere-en-indra"},"_links":{"self":[{"href":"https:\/\/www.sitescobas.es\/indra\/wp-json\/wp\/v2\/posts\/1805","targetHints":{"allow":["GET"]}}],"collection":[{"href":"https:\/\/www.sitescobas.es\/indra\/wp-json\/wp\/v2\/posts"}],"about":[{"href":"https:\/\/www.sitescobas.es\/indra\/wp-json\/wp\/v2\/types\/post"}],"author":[{"embeddable":true,"href":"https:\/\/www.sitescobas.es\/indra\/wp-json\/wp\/v2\/users\/2"}],"replies":[{"embeddable":true,"href":"https:\/\/www.sitescobas.es\/indra\/wp-json\/wp\/v2\/comments?post=1805"}],"version-history":[{"count":0,"href":"https:\/\/www.sitescobas.es\/indra\/wp-json\/wp\/v2\/posts\/1805\/revisions"}],"wp:attachment":[{"href":"https:\/\/www.sitescobas.es\/indra\/wp-json\/wp\/v2\/media?parent=1805"}],"wp:term":[{"taxonomy":"category","embeddable":true,"href":"https:\/\/www.sitescobas.es\/indra\/wp-json\/wp\/v2\/categories?post=1805"},{"taxonomy":"post_tag","embeddable":true,"href":"https:\/\/www.sitescobas.es\/indra\/wp-json\/wp\/v2\/tags?post=1805"}],"curies":[{"name":"wp","href":"https:\/\/api.w.org\/{rel}","templated":true}]}}