{"id":1779,"date":"2016-10-07T12:08:33","date_gmt":"2016-10-07T10:08:33","guid":{"rendered":"http:\/\/cobasindra.org\/?p=1779"},"modified":"2016-10-07T12:08:33","modified_gmt":"2016-10-07T10:08:33","slug":"electrohipersensibilidad-comunicado-de-peccem","status":"publish","type":"post","link":"https:\/\/www.sitescobas.es\/indra\/2016\/10\/07\/electrohipersensibilidad-comunicado-de-peccem\/","title":{"rendered":"Electrohipersensibilidad Comunicado de PECCEM"},"content":{"rendered":"<p><a href=\"http:\/\/cobasindra.org\/wp-content\/uploads\/2016\/10\/HIPERSENSIBILIDAD.jpeg\" rel=\"attachment wp-att-1780\"><img loading=\"lazy\" decoding=\"async\" class=\"alignleft size-medium wp-image-1780\" src=\"http:\/\/cobasindra.org\/wp-content\/uploads\/2016\/10\/HIPERSENSIBILIDAD-300x188.jpeg\" alt=\"hipersensibilidad\" width=\"300\" height=\"188\" \/><\/a>Os adjuntamos la valoraci\u00f3n de la Plataforma Estatal Contra la Contaminaci\u00f3n Electromagn\u00e9tica (PECCEM) y de Electro y Qu\u00edmico Sensibles por el Derecho a la Salud (EQDS) de la \u00faltima sentencia del TSJM <strong>reconociendo a un ingeniero de telecomunicaciones una incapacidad por electrosensibilidad<\/strong> y la posterior aprobaci\u00f3n\u00a0 de un Real Decreto sobre la protecci\u00f3n de la salud y la seguridad de los trabajadores contra los riesgos relacionados con la exposici\u00f3n a campos electromagn\u00e9ticos.<\/p>\n<p>Noticia aparecida <span style=\"text-decoration: underline;color: #0000ff\"><strong><a style=\"color: #0000ff;text-decoration: underline\" href=\"http:\/\/vidasana.org\/noticias\/electrohipersensibilidad-comunicado-de-peccem?utm_campaign=newsletter-3108&amp;utm_medium=email&amp;utm_source=acumbamail\" target=\"_blank\" rel=\"noopener noreferrer\">aqui<\/a><\/strong><\/span>.<\/p>\n<p><strong>Adjuntamos el art\u00edculo entero<\/strong>:<\/p>\n<p>Mientras la Electrohipersensibilidad (EHS) es reconocida como causa de incapacidad para trabajar en \u00e1mbitos \u201ccon Wi-Fi, telefon\u00eda inal\u00e1mbrica y antenas de telefon\u00eda m\u00f3vil\u201d; el gobierno central en funciones acaba de aprobar una normativa laboral que, en la l\u00ednea solicitada por los lobbies de las telecomunicaciones, consolida los elevados l\u00edmites de contaminaci\u00f3n electromagn\u00e9tica sin incidir en las alternativas tecnol\u00f3gicas que la reducen.<br \/>\nEl Tribunal Superior de Justicia de Madrid (TSJM) reconoci\u00f3 recientemente a un ingeniero de telecomunicaciones de la multinacional Erikson una incapacidad permanente total para trabajar en entornos de contaminaci\u00f3n electromagn\u00e9tica[i]. Sentencia ejemplar [ii] que deja en evidencia la ausencia de zonas blancas y visibiliza unos l\u00edmites de exposici\u00f3n desfasados que no tienen en cuenta los bioefectos recogidos por la biograf\u00eda m\u00e9dica, en contradicci\u00f3n, entre otros, con las alertas de la Agencia Europea del Medio Ambiente desde 2007 [iii], las Resoluciones del Parlamento europeo en 2008-2009 [iv] y de la Asamblea Parlamentaria del Consejo de Europa \u2013APCE- en 2011 [v], as\u00ed como con el Dictamen de la secci\u00f3n TEN del Comit\u00e9 Econ\u00f3mico y Social Europeo del 2015 [vi] y los posicionamientos auton\u00f3micos y municipales a favor de aplicar\u00a0 la resoluci\u00f3n 1815 de la APCE y\/o el reconocimiento de la EHS [vii] desde 2011 hasta la actualidad.<br \/>\nEl TSJM sigue los pasos judiciales ya iniciados tanto en el estado espa\u00f1ol [viii] como en otros pa\u00edses comunitarios y extracomunitarios [ix], en consonancia con la resoluci\u00f3n del Parlamento Europeo en 2009 que \u201cpide a los Estados\u00a0 miembros\u00a0 que\u00a0 sigan\u00a0 el\u00a0 ejemplo\u00a0 de\u00a0 Suecia\u00a0 y\u00a0 reconozcan\u00a0 como\u00a0 una discapacidad\u00a0 la\u00a0 hipersensibilidad\u00a0 el\u00e9ctrica,\u00a0 con\u00a0 el\u00a0 fin\u00a0 de\u00a0 garantizar\u00a0 una\u00a0 protecci\u00f3n adecuada e igualdad de oportunidades a las personas que la sufren\u201d [x]; y en l\u00ednea con los posicionamientos de numerosas asociaciones profesionales del \u00e1mbito de la salud y el medio ambiente [xi], y numerosos llamamientos internacionales [xii].<br \/>\nUnos quince d\u00edas despu\u00e9s de emitirse esta sentencia, y en sentido contrario, se aprueba el Real Decreto 299\/2016, de 22 de julio, sobre la protecci\u00f3n de la salud y la seguridad de los trabajadores contra los riesgos relacionados con la exposici\u00f3n a campos electromagn\u00e9ticos [xiii]. Si los l\u00edmites de exposici\u00f3n a la contaminaci\u00f3n electromagn\u00e9tica permitidos a la poblaci\u00f3n general [xiv] son cuestionados por atender solo a los efectos t\u00e9rmicos y no a los bioefectos, este Real Decreto permite l\u00edmites de exposici\u00f3n a\u00fan mayores en el puesto de trabajo, doblando e incluso multiplicando por 5 los valores requeridos para la poblaci\u00f3n general. Esta norma de salud laboral aunque reconoce la existencia de los bioefectos (sin informar de que estos se dan en l\u00edmites mucho menores que los l\u00edmites de exposici\u00f3n permitidos en la poblaci\u00f3n general), no contempla los efectos a largo plazo ni establece las indicaciones concretas de c\u00f3mo minimizar tecnol\u00f3gicamente la exposici\u00f3n, indicaciones que, por otro lad,o ya est\u00e1n dando agencias sanitarias y asociaciones profesionales[xv].<br \/>\nEstas medidas contrastan con las llamadas a la prevenci\u00f3n desde el \u00e1mbito sindical, especialmente en el \u00e1mbito escolar, reivindicando el \u201cfomento de la conexi\u00f3n a Internet por cable, para evitar los problemas de salud derivados de las conexiones wifi, y favorecer la integraci\u00f3n en la comunidad escolar de las personas con hipersensibilidad electromagn\u00e9tica\u201d[xvi], como ya se aplica en las escuelas infantiles en Francia [xvii] y en las guarder\u00edas municipales de Hospitalet [xviii].<br \/>\nDesde la PECCEM y Electro y Qu\u00edmico Sensibles por el Derecho a la salud, co-impulsores del <span style=\"text-decoration: underline\"><strong><span style=\"color: #0000ff\"><a style=\"color: #0000ff;text-decoration: underline\" href=\"http:\/\/www.peccem.org\/DocumentacionDescarga\/Campanas\/ICE2013\/CAS_MANIFIESTO_EUROPEO_DE_APOYO_A_LA_ICE.pdf\" target=\"_blank\" rel=\"noopener noreferrer\">Manifiesto Europeo por una regulaci\u00f3n de la exposici\u00f3n a los campos electromagn\u00e9ticos\u00a0 que proteja realmente la salud<\/a><\/span><\/strong><\/span>, seguimos solicitando [xix] a las distintas administraciones medidas de protecci\u00f3n reales ante la contaminaci\u00f3n electromagn\u00e9tica en todos los \u00e1mbitos de la vida y especialmente a la poblaci\u00f3n infantojuvenil, en la l\u00ednea de la resoluci\u00f3n 1815 de la APCE, as\u00ed como el <span style=\"text-decoration: underline\"><span style=\"color: #0000ff\"><strong><a style=\"color: #0000ff;text-decoration: underline\" href=\"http:\/\/www.peccem.org\/campanaJunio.html\" target=\"_blank\" rel=\"noopener noreferrer\">reconocimiento y atenci\u00f3n integral de la EHS<\/a><\/strong><\/span><\/span>, en l\u00ednea con el Dictamen de la secci\u00f3n TEN del CESE de enero de 2015.<\/p>\n<p>Un saludo cordial de los coordinadores de la <em>Plataforma Estatal Contra la Contaminaci\u00f3n Electromagn\u00e9tica<\/em> (PECCEM), desde las distintas comunidades aut\u00f3nomas,<\/p>\n<p>&#8211; \u00c1ngel Bay\u00f3n, Comunidad de Castilla y Le\u00f3n. Enlace de la PECCEM en la Confederaci\u00f3n Estatal de Asociaciones Vecinales (CEAV). Presidente de la Asociaci\u00f3n Vallisoletana de Afectad@s por las antenas de Telefon\u00eda (AVAATE)<br \/>\n&#8211; Asunci\u00f3n Laso, Comunidad de Castilla y Le\u00f3n. Asociaci\u00f3n Vallisoletana de Afectad@s por las antenas de Telefon\u00eda (AVAATE)<br \/>\n&#8211; Eduard Antequera, Comunidad de Catalunya. Presidente de la Associaci\u00f3 ENSALUT.<br \/>\n&#8211; Irune Ruiz, Comunidad del Pa\u00eds Vasco. Coordinadora Vasca de Afectad@s por Campos Electromagn\u00e9ticos (EKEUKO-COVACE), SOS Electrohipersensibilidad -Enfermedades Ambientales de Sensibilizaci\u00f3n Central (SOS EHS-EASC).<br \/>\n&#8211; Julio Carmona, Comunidad gallega. Vocal de la junta directiva de la Asociaci\u00f3n Pola Defensa da R\u00eda (APDR), asesor de contaminaci\u00f3n electromagn\u00e9tica de la Federaci\u00f3n Ecoloxista Galega.<br \/>\n&#8211; Fini Manso, Comunidad gallega.<br \/>\n&#8211; Laura Cobos, Comunidad de Navarra. PresidentA de la Asociaci\u00f3n de Afectados de Navarra por Campos Electromagn\u00e9ticos (ASANACEN-EEKNE)<br \/>\n&#8211; Pedro Belmonte. Comunidad de Murcia. Comisi\u00f3n estatal de contaminaci\u00f3n electromagn\u00e9tica de Ecologistas en Acci\u00f3n.<br \/>\n&#8211; Mercedes Gonz\u00e1lez, Comunidad de Madrid. Comisi\u00f3n de contaminaci\u00f3n electromagn\u00e9tica de la Federaci\u00f3n Regional de Asociaciones Vecinales de Madrid (FRAVM).<br \/>\n&#8211; Minerva Palomar. Comunidad de Madrid. Presidenta de Electro y Qu\u00edmico Sensibles por el Derecho a la Salud (EQSDS)<br \/>\n&#8211; Juan Manuel Pu\u00e9rtolas, Comunidad de Arag\u00f3n. Asociaci\u00f3n Independiente para defender la salud (ASIDES).<br \/>\n&#8211; Rub\u00e9n Garc\u00eda, Comunidad de Asturias. Plataforma Asturiana Escuela sin Wi-Fi.<br \/>\n&#8211; Mar\u00eda del Mar Rosa, Comunidad de Murcia. Electro y Qu\u00edmico Sensibles por el Derecho a la Salud (ESQDS).<br \/>\n&#8211; Jos\u00e9 Caselles, Comunidad Valenciana y Murcia. Plataforma contra la contaminaci\u00f3n electromagn\u00e9tica de la regi\u00f3n de Murcia.<br \/>\n<span style=\"text-decoration: underline\"><strong><span style=\"color: #0000ff;text-decoration: underline\"><a style=\"color: #0000ff;text-decoration: underline\" href=\"http:\/\/www.peccem.org\/\" target=\"_blank\" rel=\"noopener noreferrer\">http:\/\/www.peccem.org<\/a><\/span><\/strong><\/span><br \/>\n<span style=\"text-decoration: underline\"><strong><span style=\"color: #0000ff;text-decoration: underline\"> <a style=\"color: #0000ff;text-decoration: underline\" href=\"https:\/\/www.facebook.com\/peccem\" target=\"_blank\" rel=\"noopener noreferrer\">https:\/\/www.facebook.com\/peccem<\/a><\/span><\/strong><\/span><br \/>\n<span style=\"text-decoration: underline\"><strong><span style=\"color: #0000ff;text-decoration: underline\"> <a style=\"color: #0000ff;text-decoration: underline\" href=\"mailto:coordinacion@peccem.org\" target=\"_blank\" rel=\"noopener noreferrer\">coordinacion@peccem.org<\/a><\/span><\/strong><\/span><br \/>\n<span style=\"text-decoration: underline\"><strong><span style=\"color: #0000ff;text-decoration: underline\"> <a style=\"color: #0000ff;text-decoration: underline\" href=\"http:\/\/electrosensiblesderechosalud.org\/\" target=\"_blank\" rel=\"noopener noreferrer\">http:\/\/electrosensiblesderechosalud.org\/<\/a><\/span><\/strong><\/span><br \/>\n<span style=\"text-decoration: underline\"><strong><span style=\"color: #0000ff;text-decoration: underline\"> <a style=\"color: #0000ff;text-decoration: underline\" href=\"mailto:electrosensiblesderechosalud@gmail.com\" target=\"_blank\" rel=\"noopener noreferrer\">electrosensiblesderechosalud@gmail.com<\/a><\/span><\/strong><\/span><\/p>\n<p><strong>[i].-<\/strong> <span style=\"text-decoration: underline\"><span style=\"color: #0000ff;text-decoration: underline\"><strong><a style=\"color: #0000ff;text-decoration: underline\" href=\"http:\/\/noticias.juridicas.com\/actualidad\/jurisprudencia\/11248-una-sentencia-considera-por-primera-vez-la-quot;electrosensibilidadquot;-como-causa-de-incapacidad-permanente-total\/\" target=\"_blank\" rel=\"noopener noreferrer\">Ver Noticias jur\u00eddicas.<\/a><\/strong><\/span><\/span><\/p>\n<p><strong>[ii].-<\/strong> <span style=\"text-decoration: underline\"><span style=\"color: #0000ff;text-decoration: underline\"><strong><a style=\"color: #0000ff;text-decoration: underline\" href=\"http:\/\/www.peccem.org\/DocumentacionDescarga\/Legislacion\/sentencias\/Sentencia.5882016.TSJM.EHS.pdf\" target=\"_blank\" rel=\"noopener noreferrer\">Ver sentencia<\/a><\/strong><\/span><\/span><br \/>\n<strong>[iii].-<\/strong> Alertas de la <strong>Agencia Europea del medio Ambiente <\/strong>(AEMA \/ EEA) desde 2007, en apoyo al Informe BioInitiative, entre otros, como base de una alerta temprana sobre los campos electromagn\u00e9ticos:<br \/>\n&#8211; En 2007, hace p\u00fablico un aviso titulado \u201c<strong>Radiation risk from everyday devices assessed<\/strong>\u201d:<br \/>\n<span style=\"text-decoration: underline\"><span style=\"color: #0000ff;text-decoration: underline\"><strong><a style=\"color: #0000ff;text-decoration: underline\" href=\"http:\/\/www.apdr.info\/electrocontaminacion\/Documentos\/Investigacion\/Declaraci%F3n_AEMA_apoio_Bioinitiative.pdf\" target=\"_blank\" rel=\"noopener noreferrer\">Ver versi\u00f3n en castellano<\/a><\/strong><\/span><\/span><br \/>\n&#8211; En 2008-2009, en la <strong>Comisi\u00f3n de medio ambiente, salud p\u00fablica y seguridad alimentaria del Parlamento Europeo<\/strong>.<br \/>\n&#8211; En 2009, en la <strong><em>International Expert Conference on Cell Phones and Health: Public Policy Questions<\/em><\/strong>, Washington, 15 Septiembre de 2009, con la ponencia \u201c<strong>Statement on Mobile Phones<\/strong>\u201d:\u00a0\u00a0 <span style=\"text-decoration: underline\"><span style=\"color: #0000ff;text-decoration: underline\"><strong><a style=\"color: #0000ff;text-decoration: underline\" href=\"http:\/\/www.apdr.info\/electrocontaminacion\/Documentos\/Investigacion\/Directora_AEMA_2009.cas.pdf\" target=\"_blank\" rel=\"noopener noreferrer\">Versi\u00f3n en castellano<\/a><\/strong><\/span><\/span><br \/>\n&#8211; En 2011 en la <strong>Audici\u00f3n sobre campos electromagn\u00e9ticos<\/strong> <strong>del Consejo de Europea<\/strong> (25.02.2011) en Par\u00eds, con la ponencia \u201c<strong>Statement\u00a0 on\u00a0 Mobile\u00a0 Phones\u00a0 and\u00a0 the\u00a0 Potential\u00a0 Head\u00a0 cancer\u00a0 risken<\/strong>\u201d (<span style=\"text-decoration: underline;color: #0000ff\"><strong><a style=\"color: #0000ff;text-decoration: underline\" href=\"http:\/\/www.icems.eu\/docs\/StatementbyJMGFeb252011.pdf?f=\/c\/a\/2009\/12\/15\/MNHJ1B49KH.DTL\" target=\"_blank\" rel=\"noopener noreferrer\">pinchar aqu\u00ed)<\/a><\/strong><\/span>\u00a0y en la <strong>Comisi\u00f3n de medio ambiente, agricultura y asuntos territoriales de la Asamblea Parlamentaria del Consejo de Europa (APCE)<\/strong> <span style=\"text-decoration: underline;color: #0000ff\"><strong><a style=\"color: #0000ff;text-decoration: underline\" href=\"http:\/\/www.apdr.info\/electrocontaminacion\/Documentos\/Institucions_Europeas\/P.A.C.E.06.05.11_cas.pdf\" target=\"_blank\" rel=\"noopener noreferrer\">Ver apartado B punto 4.21 de la versi\u00f3n en castellano del documento 12608<\/a><\/strong><\/span>]<br \/>\n&#8211; En 2013, en la publicaci\u00f3n del volumen 2 de \u00abLecciones tard\u00edas de alertas tempranas\u201d de la AEMA, en su cap\u00edtulo 21 \u201c<strong>Mobile phone use and brain tumour risk: early warnings, early actions?\u201d<\/strong>: <span style=\"text-decoration: underline;color: #0000ff\"><strong><a style=\"color: #0000ff;text-decoration: underline\" href=\"http:\/\/www.eea.europa.eu\/publications\/late-lessons-2\/late-lessons-chapters\/late-lessons-ii-chapter-21\" target=\"_blank\" rel=\"noopener noreferrer\">(pinchar aqu\u00ed)<\/a><\/strong><\/span><\/p>\n<p><strong>[iv].- Parlamento europeo (2008 y 2009):<\/strong><br \/>\n<strong>&#8211; Resoluci\u00f3n de septiembre de 2008, sobre la Revisi\u00f3n intermedia del Plan de Acci\u00f3n Europeo sobre Medio Ambiente y Salud 2004-2010 (2007\/2252(INI). <span style=\"text-decoration: underline;color: #0000ff\"><a style=\"color: #0000ff;text-decoration: underline\" href=\"http:\/\/www.apdr.info\/electrocontaminacion\/Documentos\/Investigacion\/Resoluci%F3n_%20Parlamento_%20Europeo_%28Bioinitiative%29.pdf\" target=\"_blank\" rel=\"noopener noreferrer\">Ver extracto<\/a><\/span><\/strong><br \/>\n<strong>&#8211; Resoluci\u00f3n <\/strong>P6_TA(2009)0216<strong>, de 2 de abril de 2009<\/strong>, sobre las consideraciones sanitarias relacionadas con los campos electromagn\u00e9ticos [<span style=\"text-decoration: underline;color: #0000ff\"><strong><a style=\"color: #0000ff;text-decoration: underline\" href=\"http:\/\/www.europarl.europa.eu\/sides\/getDoc.do?pubRef=-\/\/EP\/\/TEXT+TA+P6-TA-2009-0216+0+DOC+XML+V0\/\/ES\" target=\"_blank\" rel=\"noopener noreferrer\">Ver extracto<\/a><\/strong><\/span>].<\/p>\n<p><strong>[v].-<\/strong> <strong>Resoluci\u00f3n 1815 de la Asamblea Parlamentaria del Consejo de Europa (APCE)<\/strong> sobre \u201cPeligros potenciales de los campos electromagn\u00e9ticos y sus efectos sobre el medio ambiente\u201d (27.05.2011). <span style=\"text-decoration: underline;color: #0000ff\"><strong><a style=\"color: #0000ff;text-decoration: underline\" href=\"http:\/\/www.apdr.info\/electrocontaminacion\/Documentos\/Institucions_Europeas\/Resolucion.A.P.C.E.27.05.11_prensa.pdf\" target=\"_blank\" rel=\"noopener noreferrer\">Ver nota de prensa<\/a><\/strong><\/span>\u00a0y la <span style=\"text-decoration: underline;color: #0000ff\"><strong><a style=\"color: #0000ff;text-decoration: underline\" href=\"http:\/\/www.apdr.info\/electrocontaminacion\/Documentos\/Institucions_Europeas\/Resolucion.A.P.Consejo.Europa.27.05.11.pdf\" target=\"_blank\" rel=\"noopener noreferrer\">resoluci\u00f3n<\/a><\/strong><\/span><\/p>\n<p><strong>[vi].-<\/strong> <strong>Comit\u00e9 Econ\u00f3mico y Social Europeo<\/strong> (CESE): ver dictamen sobre Hipersensibilidad electromagn\u00e9tica, aprobado el 7 de enero de 2015 por la Secci\u00f3n Especializada TEN <span style=\"text-decoration: underline;color: #0000ff\"><strong><a style=\"color: #0000ff;text-decoration: underline\" href=\"https:\/\/toad.eesc.europa.eu\/ViewDoc.aspx?doc=ces%5cten%5cten559%5cES%5cEESC-2014-05117-00-02-AS-TRA_ES.doc&amp;docid=3047198\" target=\"_blank\" rel=\"noopener noreferrer\">(pinchar aqui)<\/a><\/strong><\/span>, [<span style=\"text-decoration: underline;color: #0000ff\"><strong><a style=\"color: #0000ff;text-decoration: underline\" href=\"http:\/\/www.peccem.org\/EHS-CESE.html\" target=\"_blank\" rel=\"noopener noreferrer\">ver m\u00e1s sobre este proceso<\/a><\/strong><\/span>].<\/p>\n<p><strong>[vii].-<\/strong> El <strong><span style=\"text-decoration: underline;color: #0000ff\"><a style=\"color: #0000ff;text-decoration: underline\" href=\"http:\/\/www.apdr.info\/electrocontaminacion\/Documentos\/Iniciativas%20parlamentarias\/Proposici%C3%B3n.no.de.ley.Parlamento.Vasco.05.10.2011.pdf\" target=\"_blank\" rel=\"noopener noreferrer\">Parlamento Vasco<\/a><\/span>, el <span style=\"text-decoration: underline;color: #0000ff\"><a style=\"color: #0000ff;text-decoration: underline\" href=\"http:\/\/www.parlamentodenavarra.es\/UserFiles\/File\/BOP\/B2014103.pdf\" target=\"_blank\" rel=\"noopener noreferrer\">Parlamento Foral de Navarra<\/a><\/span> y diferentes ayuntamientos<\/strong> (como <span style=\"text-decoration: underline;color: #0000ff\"><strong><a style=\"color: #0000ff;text-decoration: underline\" href=\"http:\/\/www.apdr.info\/electrocontaminacion\/WIFI\/documentos%20base\/ACTA.PLENO.BARAKALDO_26.07.12.pdf\">Barakaldo<\/a><\/strong><\/span>, <span style=\"text-decoration: underline;color: #0000ff\"><strong><a style=\"color: #0000ff;text-decoration: underline\" href=\"http:\/\/errenteriagorria.blogspot.com.es\/2013_02_01_archive.html\">Errenter\u00eda<\/a><\/strong><\/span>, <span style=\"text-decoration: underline;color: #0000ff\"><strong><a style=\"color: #0000ff;text-decoration: underline\" href=\"http:\/\/www.espartinas.net\/opencms\/export\/sites\/default\/espartinas\/galeriaFicheros\/plenos\/actapleno21marzo2013.pdf\">Espartinas<\/a><\/strong><\/span>, <span style=\"text-decoration: underline;color: #0000ff\"><strong><a style=\"color: #0000ff;text-decoration: underline\" href=\"http:\/\/www.l-h.cat\/utils\/obreFitxer.aspx?Fw9EVw48XS44g6SaaMbxCH12VJRc1ZJuuNnn3iOW2IkqazB\">Hospitalet<\/a><\/strong><\/span>, <span style=\"text-decoration: underline;color: #0000ff\"><strong><a style=\"color: #0000ff;text-decoration: underline\" href=\"http:\/\/www.apdr.info\/electrocontaminacion\/WIFI\/documentos%20base\/EXTRACTO.ACUERDOS.ADOPTADOS.AYUNTAMIENTO.JEREZ.pdf\">Jerez de la Frontera<\/a><\/strong><\/span>, <span style=\"text-decoration: underline;color: #0000ff\"><strong><a style=\"color: #0000ff;text-decoration: underline\" href=\"http:\/\/www.peccem.org\/DocumentacionDescarga\/Declaraciones.institucionales\/Donostia.07.02.2013.pdf\">San Sebasti\u00e1n<\/a><\/strong><\/span>, <span style=\"text-decoration: underline;color: #0000ff\"><strong><a style=\"color: #0000ff;text-decoration: underline\" href=\"https:\/\/www.google.es\/url?sa=t&amp;rct=j&amp;q=&amp;esrc=s&amp;source=web&amp;cd=4&amp;cad=rja&amp;uact=8&amp;ved=0ahUKEwijuL33--HOAhVH7RQKHW4rDCkQFgg1MAM&amp;url=http%3A%2F%2Fhemengaude.info%2Fwp-content%2Fuploads%2F2015%2F09%2FMoci%25C3%25B3n-wifi1.doc&amp;usg=AFQjCNH5l5mCHGVrIw4Fa4mqzjRcFAw67g&amp;sig2=2NgLGVuZZd3RiNXMfhEwgQ\">Vitoria<\/a><\/strong><\/span>, las <span style=\"text-decoration: underline;color: #0000ff\"><strong><a style=\"color: #0000ff;text-decoration: underline\" href=\"http:\/\/blogak.ararteko.net\/agiriberriak\/files\/2012\/07\/Resoluci%C3%B3n-Juntas-Generales-de-Gipuzkoa-de-adhesi%C3%B3n-a-Resol-1815-2.pdf\" target=\"_blank\" rel=\"noopener noreferrer\">Juntas generales de Guip\u00fazcoa<\/a><\/strong><\/span>) ya solicitaron incluir las recomendaciones de la Resoluci\u00f3n 1815 de la APCE. El <span style=\"text-decoration: underline;color: #0000ff\"><strong><a style=\"color: #0000ff;text-decoration: underline\" href=\"http:\/\/anleo.jgpa.es:8080\/documentos\/Boletines\/PDF\/10B-400.pdf\" target=\"_blank\" rel=\"noopener noreferrer\">Parlamento Asturiano<\/a><\/strong><\/span> ya solicit\u00f3 recientemente el reconocimiento de las enfermedades de Sensibilizaci\u00f3n Central (como la SQM y la EHS). Ayuntamientos como el de <span style=\"text-decoration: underline;color: #0000ff\"><strong><a style=\"color: #0000ff;text-decoration: underline\" href=\"http:\/\/www.ecologistasenaccion.org\/article27748.html\" target=\"_blank\" rel=\"noopener noreferrer\">Palencia<\/a><\/strong><\/span> y el de <span style=\"text-decoration: underline;color: #0000ff\"><strong><a style=\"color: #0000ff;text-decoration: underline\" href=\"http:\/\/www.avaate.org\/spip.php?article2461\" target=\"_blank\" rel=\"noopener noreferrer\">Pinto<\/a><\/strong><\/span> tambi\u00e9n solicitaron el reconocimiento de la EHS. Recientemente ayuntamientos como el de Tarragona (01.12.2015) han aprobado un <span style=\"text-decoration: underline;color: #0000ff\"><strong><a style=\"color: #0000ff;text-decoration: underline\" href=\"https:\/\/www.tarragona.cat\/lajuntament\/fitxers-1\/altres\/docs-ple-2015\/dec_ins_suport-afectats-sindromes-sensibilitzacio-central_30_11_15\" target=\"_blank\" rel=\"noopener noreferrer\">plan de rescate para las personas afectadas de S\u00edndromes de Sensibilizaci\u00f3n Central<\/a><\/strong><\/span>.<\/p>\n<p><strong>[viii].-<\/strong> Ver noticia de la <strong>primera sentencia reconociendo la EHS como incapacidad<\/strong> en el estado espa\u00f1ol (2011):<span style=\"text-decoration: underline;color: #0000ff\"><strong><a style=\"color: #0000ff;text-decoration: underline\" href=\"http:\/\/www.elperiodico.com\/es\/noticias\/sociedad\/juez-reconoce-incapacidad-una-trabajadora-por-sindrome-hipersensibilidad-los-moviles-1076526\" target=\"_blank\" rel=\"noopener noreferrer\">(pinchar aqu\u00ed)<\/a><\/strong><\/span><\/p>\n<p><strong>[ix].-<\/strong> Sentencias judiciales sobre la EHS que reconocen las pensiones permanentes por incapacidad u otro tipo de compensaciones en Reino unido (2012), Australia (2013), Alemania (2014), Francia (2012-2015). Ver nota 17 del Manifiesto Europeo de apoyo a una ICE por una regulaci\u00f3n de la exposici\u00f3n a los CEM que proteja realmente la salud: <span style=\"text-decoration: underline;color: #0000ff\"><strong><a style=\"color: #0000ff;text-decoration: underline\" href=\"http:\/\/www.peccem.org\/DocumentacionDescarga\/Campanas\/ICE2013\/CAS_MANIFIESTO_EUROPEO_DE_APOYO_A_LA_ICE.pdf\" target=\"_blank\" rel=\"noopener noreferrer\">Ver nota <\/a><\/strong><\/span>del Manifiesto Europeo de apoyo a una ICE por una regulaci\u00f3n de la exposici\u00f3n a los CEM que proteja realmente la salud<\/p>\n<p><strong>[x].-<\/strong> <span style=\"text-decoration: underline;color: #0000ff\"><strong><a style=\"color: #0000ff;text-decoration: underline\" href=\"http:\/\/www.europarl.europa.eu\/sides\/getDoc.do?pubRef=-\/\/EP\/\/TEXT+TA+P6-TA-2009-0216+0+DOC+XML+V0\/\/ES\" target=\"_blank\" rel=\"noopener noreferrer\">Ver punto 29<\/a><\/strong><\/span>\u00a0de la <strong>Resoluci\u00f3n <\/strong>P6_TA(2009)0216<strong>, de 2 de abril de 2009<\/strong>, sobre las consideraciones sanitarias relacionadas con los campos electromagn\u00e9ticos<\/p>\n<p><strong>[xi].-<\/strong> Asociaciones de medicina ambiental de EEUU (<span style=\"text-decoration: underline;color: #0000ff\"><strong><a style=\"color: #0000ff;text-decoration: underline\" href=\"https:\/\/www.aaemonline.org\/emf_rf_position.php\">American Academy of Environmental Medicine<\/a><\/strong><\/span>), de pa\u00edses europeos como Alemania, Austria, Francia, Macedonia, Irlanda, Italia y Suecia (firmantes del manifiesto europeo de apoyo a una ICE por una regulaci\u00f3n de la exposici\u00f3n a los CEM que proteja realmente la salud) y de \u00e1mbito europeo [European Academy for Environmental Medicine (<span style=\"text-decoration: underline;color: #0000ff\"><strong><a style=\"color: #0000ff;text-decoration: underline\" href=\"http:\/\/www.degruyter.com\/downloadpdf\/j\/reveh.ahead-of-print\/reveh-2016-0011\/reveh-2016-0011.xml\">EUROPAEM<\/a><\/strong><\/span>)]. Colegios profesionales como el <span style=\"text-decoration: underline;color: #0000ff\"><strong><a style=\"color: #0000ff;text-decoration: underline\" href=\"http:\/\/www.covace.org\/files\/236_contES.pdf\">Colegio de m\u00e9dicos de Austria<\/a><\/strong><\/span> y el Colegio Oficial de Bi\u00f3logos de Galicia (firmante del manifiesto europeo mencionado).<\/p>\n<p><strong>[xii].-<\/strong> Como el <span style=\"text-decoration: underline;color: #0000ff\"><strong><a style=\"color: #0000ff;text-decoration: underline\" href=\"http:\/\/cemyelectrosensibilidad.blogspot.com.es\/2015\/05\/nuevo-llamamiento-cientifico.html\" target=\"_blank\" rel=\"noopener noreferrer\">LLamamiento Internacional<\/a><\/strong><\/span> de <span style=\"text-decoration: underline;color: #0000ff\"><strong><a style=\"color: #0000ff;text-decoration: underline\" href=\"https:\/\/www.emfscientist.org\/\" target=\"_blank\" rel=\"noopener noreferrer\">2015<\/a><\/strong><\/span> de 220 cient\u00edficos de 41 pa\u00edses, implicados en el estudio de los efectos biol\u00f3gicos y m\u00e9dicos de los campos electromagn\u00e9ticos no ionizantes, solicitando a la ONU y a la OMS proteger a humanos y fauna de la exposici\u00f3n a dichos campos y de la telefon\u00eda inal\u00e1mbrica. <span style=\"text-decoration: underline;color: #0000ff\"><strong><a style=\"color: #0000ff;text-decoration: underline\" href=\"http:\/\/cemyelectrosensibilidad.blogspot.com.es\/2015\/05\/nuevo-llamamiento-cientifico.html\" target=\"_blank\" rel=\"noopener noreferrer\">Ver m\u00e1s llamamientos<\/a><\/strong><\/span><\/p>\n<p><strong>[xiii].-<\/strong> <span style=\"text-decoration: underline;color: #0000ff\"><strong><a style=\"color: #0000ff;text-decoration: underline\" href=\"https:\/\/www.boe.es\/diario_boe\/txt.php?id=BOE-A-2016-7303\" target=\"_blank\" rel=\"noopener noreferrer\">https:\/\/www.boe.es\/diario_boe\/txt.php?id=BOE-A-2016-7303<\/a><\/strong><\/span><\/p>\n<p><strong>[xiv].-<\/strong> Real Decreto 1066\/2001, de 28 de septiembre, por el que se aprueba el Reglamento que establece condiciones de protecci\u00f3n del dominio p\u00fablico radioel\u00e9ctrico, restricciones a las emisiones radioel\u00e9ctricas y medidas de protecci\u00f3n sanitaria frente a emisiones radioel\u00e9ctricas <span style=\"text-decoration: underline;color: #0000ff\"><strong><a style=\"color: #0000ff;text-decoration: underline\" href=\"https:\/\/www.boe.es\/diario_boe\/txt.php?id=BOE-A-2001-18256\" target=\"_blank\" rel=\"noopener noreferrer\">(pinchar aqui)<\/a><\/strong><\/span>.<\/p>\n<p><strong>[xv].-<\/strong> Son muchas las agencias europeas, como la <strong>Oficina Federal de protecci\u00f3n contra las radiaciones<\/strong> (BfS) de Alemania, la <strong>Oficina federal de salud p\u00fablica<\/strong> (OFSP) de la Confederaci\u00f3n Suiza y la <strong>Sant\u00e9 publique France<\/strong>, las que recomiendan estrategias para reducir al m\u00ednimo la exposici\u00f3n personal en una <span style=\"text-decoration: underline;color: #0000ff\"><strong><a style=\"color: #0000ff;text-decoration: underline\" href=\"http:\/\/www.apdr.info\/electrocontaminacion\/Documentos\/Artigos\/wifi\/OFSP_Suiza_2007_estracto_gal.cas.pdf\" target=\"_blank\" rel=\"noopener noreferrer\">conexi\u00f3n con wifi<\/a><\/strong><\/span> (<span style=\"text-decoration: underline;color: #0000ff\"><strong><a style=\"color: #0000ff;text-decoration: underline\" href=\"http:\/\/www.apdr.info\/electrocontaminacion\/Documentos\/Artigos\/wifi\/BfS_WLAN.2005.pdf\" target=\"_blank\" rel=\"noopener noreferrer\">cuando no es posible una conexi\u00f3n por cable<\/a><\/strong><\/span>), en el uso de la <span style=\"text-decoration: underline;color: #0000ff\"><strong><a style=\"color: #0000ff;text-decoration: underline\" href=\"https:\/\/www.bfs.de\/SharedDocs\/Downloads\/BfS\/DE\/broschueren\/emf\/info-dect-telefone.pdf?__blob=publicationFile&amp;v=3\">telefon\u00eda inal\u00e1mbrica tipo DECT<\/a><\/strong><\/span> (primando los tel\u00e9fonos DECT que posean la Eco opci\u00f3n de no emitir en standby o <span style=\"text-decoration: underline;color: #0000ff\"><strong><a style=\"color: #0000ff;text-decoration: underline\" href=\"https:\/\/translate.google.com\/translate?depth=1&amp;hl=en&amp;rurl=translate.google.com&amp;sl=auto&amp;tl=es&amp;u=http:\/\/www.bag.admin.ch\/themen\/strahlung\/00053\/00673\/00674\/index.html%3Flang%3Den\" target=\"_blank\" rel=\"noopener noreferrer\">aconsejando\u00a0 distancia de 50 cm<\/a><\/strong><\/span> entre las estaciones base DECT desprovistas del modo ECO y el puesto de trabajo o el lugar de reposo) o en el uso del <span style=\"text-decoration: underline;color: #0000ff\"><strong><a style=\"color: #0000ff;text-decoration: underline\" href=\"http:\/\/www.apdr.info\/electrocontaminacion\/Documentos\/Artigos\/francia\/Tout.savoir.sur.le.bon.usage.du.portable.fra.esp.gal.pdf\" target=\"_blank\" rel=\"noopener noreferrer\">tel\u00e9fono m\u00f3vil<\/a><\/strong><\/span>. En cuanto al uso de los <span style=\"text-decoration: underline;color: #0000ff\"><a style=\"color: #0000ff;text-decoration: underline\" href=\"http:\/\/www.apdr.info\/electrocontaminacion\/Documentos\/Declaraci%C3%B3ns\/Handys.Wiener.%C3%84rztekammer.2015.ES.GAL.CAT.pdf\" target=\"_blank\" rel=\"noopener noreferrer\"><strong>Smartphones<\/strong><\/a><\/span>, el <strong>Colegio de M\u00e9dicos de Viena<\/strong> (diciembre 2015) edit\u00f3 un cartel informativo, presente en los centros de salud y hospitales, con 10 recomendaciones para minimizar la exposici\u00f3n electromagn\u00e9tica de su uso. En el estado espa\u00f1ol tambi\u00e9n hay instituciones sanitarias (<span style=\"text-decoration: underline;color: #0000ff\"><strong><a style=\"color: #0000ff;text-decoration: underline\" href=\"http:\/\/www.osakidetza.euskadi.eus\/r85-cksalu10\/es\/contenidos\/informacion\/cem_salud\/es_cem\/recomendaciones.html\" target=\"_blank\" rel=\"noopener noreferrer\">Osakidetza<\/a><\/strong><\/span>, servicio vasco de salud) o sociedades m\u00e9dicas (<span style=\"text-decoration: underline;color: #0000ff\"><strong><a style=\"color: #0000ff;text-decoration: underline\" href=\"http:\/\/www.sepr.es\/html\/recursos\/descargables\/RI-REC.pdf\" target=\"_blank\" rel=\"noopener noreferrer\">Sociedad Espa\u00f1ola de Protecci\u00f3n Radiol\u00f3gica<\/a><\/strong><\/span>) que realizan alg\u00fan tipo de consejos para minimizar la exposici\u00f3n electromagn\u00e9tica. <strong>El Real Decreto 299\/2016, de 22 de julio, sobre la protecci\u00f3n de la salud y la seguridad de los trabajadores contra los riesgos relacionados con la exposici\u00f3n a campos electromagn\u00e9ticos, no determina prioridades de elecci\u00f3n ante distintas tecnolog\u00edas ni sobre sus formas de uso de menor riesgo<\/strong>.<\/p>\n<p><strong>[xvi].-<\/strong> Extracto del <span style=\"text-decoration: underline;color: #0000ff\"><strong><a style=\"color: #0000ff;text-decoration: underline\" href=\"http:\/\/pordignidad.org\/sample-page\/3-por-una-educacion-sostenible-medioambientalmente\/\" target=\"_blank\" rel=\"noopener noreferrer\">programa sindical electoral<\/a><\/strong><\/span> (2014-2015) de la Confederaci\u00f3n Sindical de trabajadoras y trabajadores de la ense\u00f1anza (CSTs-Intersindical). Actualmente encontramos distintas actuaciones en el \u00e1mbito sindical: UATEA, CCOO, CSI, USO, Sindicato de Estudiantes (ver <span style=\"text-decoration: underline;color: #0000ff\"><strong><a style=\"color: #0000ff;text-decoration: underline\" href=\"\/\/C0895799-6102-468B-8321-9A3D2CAEC4AD\/Legislacion\/sentencias\/NOTA%20DE%20PRENSA%20DEL%20COLECTIVO%20ESCUELA%20SIN%20WIFI\" target=\"_blank\" rel=\"noopener noreferrer\">nota de prensa<\/a><\/strong><\/span> de la Plataforma asturiana escuela sin wifi), <span style=\"text-decoration: underline;color: #0000ff\"><strong><a style=\"color: #0000ff;text-decoration: underline\" href=\"http:\/\/www.apdr.info\/electrocontaminacion\/Documentos\/Artigos\/wifi\/ELA_WiFi.Landeia166.pdf\" target=\"_blank\" rel=\"noopener noreferrer\">ELA-STV<\/a><\/strong><\/span> (ver <span style=\"text-decoration: underline;color: #0000ff\"><strong><a style=\"color: #0000ff;text-decoration: underline\" href=\"http:\/\/www.mrafundazioa.eus\/eu\/propaganda-eta-beste-dokumentazioaren-artxiboa\/2010-arteko-dokumentuak\/2010-221.-peligro-contaminacion-electronica\/at_download\/file\" target=\"_blank\" rel=\"noopener noreferrer\">gu\u00eda sindical<\/a><\/strong><\/span>), <span style=\"text-decoration: underline;color: #0000ff\"><strong><a style=\"color: #0000ff;text-decoration: underline\" href=\"http:\/\/www.apdr.info\/electrocontaminacion\/Documentos\/Artigos\/wifi\/STEE.EILAS_WiFi.pdf\" target=\"_blank\" rel=\"noopener noreferrer\">STEE-EILAS<\/a><\/strong><\/span>, Corriente Sindical d\u2019Izquierda (firmante del Manifiesto Europeo de la ICE junto con USO Asturias y la secretaria Confederal de Salud Laboral y Medio Ambiente de CCOO )], \u2026 Ver <span style=\"text-decoration: underline;color: #0000ff\"><strong><a style=\"color: #0000ff;text-decoration: underline\" href=\"http:\/\/www.um.es\/ccoo\/documentos\/PDF\/UMU%20-%20CSS%20-%20CCOO%20-%20Informe%20CCOO%20al%20CSS%20sobre%20CEM%20-%20DEFINITIVO%20160613.pdf\" target=\"_blank\" rel=\"noopener noreferrer\">informe<\/a><\/strong><\/span> del Comit\u00e9 de Seguridad y Salud de la Universidad de Murcia sobre contaminaci\u00f3n por radiaci\u00f3n electromagn\u00e9tica en la Universidad de Murcia (junio 2016). Ver noticia sobre <span style=\"text-decoration: underline;color: #0000ff\"><strong><a style=\"color: #0000ff;text-decoration: underline\" href=\"http:\/\/www.laregion.es\/articulo\/ourense\/reconocen-sensibilidad-quimica-mal-laboral\/20160606075549626669.html\" target=\"_blank\" rel=\"noopener noreferrer\">sentencia de reconocimiento de la SQM<\/a><\/strong><\/span> como enfermedad laboral (otra enfermedad ambiental ligada frecuentemente a la EHS) defendida por los SS. Jur\u00eddicos del CSI-F en Ourense.<\/p>\n<p><strong>[xvii].-<\/strong> Ver la ley francesa n\u00b0 2015-136 du 9 f\u00e9vrier 2015 relative \u00e0 la sobri\u00e9t\u00e9, \u00e0 la transparence, \u00e0 l\u2019information et \u00e0 la concertation en mati\u00e8re d\u2019exposition aux ondes \u00e9lectromagn\u00e9tiques: <span style=\"text-decoration: underline;color: #0000ff\"><strong><a style=\"color: #0000ff;text-decoration: underline\" href=\"http:\/\/www.avaate.org\/spip.php?article2590\" target=\"_blank\" rel=\"noopener noreferrer\">http:\/\/www.avaate.org\/spip.php?article2590<\/a><\/strong><\/span><\/p>\n<p><strong>[xviii].-<\/strong> El ayuntamiento de Hospitalet desactiv\u00f3 el Wifi de las escuelas infantiles municipales en abril de 2014, logrando disminuir los niveles en dichos centros por debajo de los l\u00edmites marcados por la resoluci\u00f3n 1815 del consejo de Europa. <span style=\"text-decoration: underline;color: #0000ff\"><strong><a style=\"color: #0000ff;text-decoration: underline\" href=\"http:\/\/www.peccem.org\/DocumentacionDescarga\/Campanas\/ESCUELA\/ESCRITO_CONSELLERA_RETIRADA_WIFI_HOSPITALET_CAST.pdf\" target=\"_blank\" rel=\"noopener noreferrer\">Ver escrito<\/a><\/strong><\/span>\u00a0a la Consellera d\u2019Ensenyament de la Generalitat de Catalunya:<\/p>\n<p><strong>[xix].<\/strong>&#8211; Ver algunas de las campa\u00f1as\/actividades de la PECCEM:<br \/>\n&#8211; El <strong>Manifiesto Europeo de apoyo a una ICE por una regulaci\u00f3n de la exposici\u00f3n a los campos electromagn\u00e9ticos\u00a0 que proteja realmente la salud<\/strong>, co-impulsado por la PECCEM:\u00a0<span style=\"text-decoration: underline;color: #0000ff\"><strong><a style=\"color: #0000ff;text-decoration: underline\" href=\"http:\/\/www.peccem.org\/DocumentacionDescarga\/Campanas\/ICE2013\/CAS_MANIFIESTO_EUROPEO_DE_APOYO_A_LA_ICE.pdf\" target=\"_blank\" rel=\"noopener noreferrer\">(pinchar aqui)<\/a><\/strong><\/span><br \/>\n&#8211; Campa\u00f1a de la PECCEM <strong>contra la nueva Ley general de telecomunicaciones<\/strong> (2014) que cont\u00f3 con la entrega de <span style=\"text-decoration: underline;color: #0000ff\"><strong><a style=\"color: #0000ff;text-decoration: underline\" href=\"http:\/\/www.peccem.org\/DocumentacionDescarga\/Legislacion\/estatal\/Mocion_contra_proyecto_LGTel_Peccem.pdf\" target=\"_blank\" rel=\"noopener noreferrer\">mociones municipales<\/a><\/strong><\/span> en m\u00e1s de <span style=\"text-decoration: underline;color: #0000ff\"><strong><a style=\"color: #0000ff;text-decoration: underline\" href=\"http:\/\/www.apdr.info\/electrocontaminacion\/plataforma\/Plataforma%20Estatal\/L.X.T\/Mociones_solicitadas.doc\" target=\"_blank\" rel=\"noopener noreferrer\">47 ayuntamientos de 15 comunidades aut\u00f3nomas<\/a><\/strong><\/span> (Andaluc\u00eda, Arag\u00f3n, Asturias, Canarias, Cantabria, Castilla y Le\u00f3n, Catalunya, Extremadura, Galicia, Comunidad de Madrid, Murcia, Navarra, Pa\u00eds Vasco, La Rioja, Comunidad Valenciana), <strong>dos diputaciones provinciales <\/strong>(Valladolid y Barcelona)<strong> y tres parlamentos auton\u00f3micos <\/strong>(Galicia, Navarra y Rioja) [<span style=\"text-decoration: underline;color: #0000ff\"><strong><a style=\"color: #0000ff;text-decoration: underline\" href=\"http:\/\/www.peccem.org\/LGTel.html\" target=\"_blank\" rel=\"noopener noreferrer\">http:\/\/www.peccem.org\/LGTel.html<\/a><\/strong><\/span>].<br \/>\n&#8211; <strong>Jornada<\/strong>, organizada por la PECCEM y EQSDS,<strong> conmemorativa del D\u00eda Internacional contra la Contaminaci\u00f3n Electromagn\u00e9tica (26.06.2016) en la sede del Parlamento europeo en Madrid<\/strong>: <strong><em>\u00bfHacia un reconocimiento integral de la electrohipersensibilidad en Europa? La escuela \u00bfcantera de electrosensibles?<\/em><\/strong>, con ponencias del \u00e1mbito cient\u00edfico, del Comit\u00e9 econ\u00f3mico y Social (CESE), de la Agencia de Medio Ambiente (AEMA), de europarlamentarias\/os, de personas EHS y del campo asociativo [<span style=\"text-decoration: underline;color: #0000ff\"><strong><a style=\"color: #0000ff;text-decoration: underline\" href=\"http:\/\/www.peccem.org\/campanaJunio.html\" target=\"_blank\" rel=\"noopener noreferrer\">http:\/\/www.peccem.org\/campanaJunio.html<\/a><\/strong><\/span>]<\/p>\n<p>&nbsp;<\/p>\n<p>&nbsp;<\/p>\n","protected":false},"excerpt":{"rendered":"<div class=\"mh-excerpt\">Os adjuntamos la valoraci\u00f3n de la Plataforma Estatal Contra la Contaminaci\u00f3n Electromagn\u00e9tica (PECCEM) y de Electro y Qu\u00edmico Sensibles por el Derecho a la Salud (EQDS) de la \u00faltima sentencia del TSJM reconociendo a un <a class=\"mh-excerpt-more\" href=\"https:\/\/www.sitescobas.es\/indra\/2016\/10\/07\/electrohipersensibilidad-comunicado-de-peccem\/\" title=\"Electrohipersensibilidad Comunicado de PECCEM\">[&#8230;]<\/a><\/div>\n","protected":false},"author":2,"featured_media":0,"comment_status":"open","ping_status":"closed","sticky":false,"template":"","format":"standard","meta":{"_kadence_starter_templates_imported_post":false,"footnotes":""},"categories":[21,13],"tags":[20],"class_list":{"0":"post-1779","1":"post","2":"type-post","3":"status-publish","4":"format-standard","6":"category-salud-laboral","7":"category-cobas-indra","8":"tag-salud"},"_links":{"self":[{"href":"https:\/\/www.sitescobas.es\/indra\/wp-json\/wp\/v2\/posts\/1779","targetHints":{"allow":["GET"]}}],"collection":[{"href":"https:\/\/www.sitescobas.es\/indra\/wp-json\/wp\/v2\/posts"}],"about":[{"href":"https:\/\/www.sitescobas.es\/indra\/wp-json\/wp\/v2\/types\/post"}],"author":[{"embeddable":true,"href":"https:\/\/www.sitescobas.es\/indra\/wp-json\/wp\/v2\/users\/2"}],"replies":[{"embeddable":true,"href":"https:\/\/www.sitescobas.es\/indra\/wp-json\/wp\/v2\/comments?post=1779"}],"version-history":[{"count":0,"href":"https:\/\/www.sitescobas.es\/indra\/wp-json\/wp\/v2\/posts\/1779\/revisions"}],"wp:attachment":[{"href":"https:\/\/www.sitescobas.es\/indra\/wp-json\/wp\/v2\/media?parent=1779"}],"wp:term":[{"taxonomy":"category","embeddable":true,"href":"https:\/\/www.sitescobas.es\/indra\/wp-json\/wp\/v2\/categories?post=1779"},{"taxonomy":"post_tag","embeddable":true,"href":"https:\/\/www.sitescobas.es\/indra\/wp-json\/wp\/v2\/tags?post=1779"}],"curies":[{"name":"wp","href":"https:\/\/api.w.org\/{rel}","templated":true}]}}