{"id":1758,"date":"2016-07-20T10:31:23","date_gmt":"2016-07-20T08:31:23","guid":{"rendered":"http:\/\/cobasindra.org\/?p=1758"},"modified":"2016-07-20T10:31:23","modified_gmt":"2016-07-20T08:31:23","slug":"comunicados-del-comite-de-empresa-de-anabel-segura","status":"publish","type":"post","link":"https:\/\/www.sitescobas.es\/indra\/2016\/07\/20\/comunicados-del-comite-de-empresa-de-anabel-segura\/","title":{"rendered":"Comunicados del Comit\u00e9 de Empresa de Anabel Segura"},"content":{"rendered":"<p><a href=\"http:\/\/cobasindra.org\/wp-content\/uploads\/2016\/07\/julio_iglesias1.png\" rel=\"attachment wp-att-1761\"><img loading=\"lazy\" decoding=\"async\" class=\"alignleft size-medium wp-image-1761\" src=\"http:\/\/cobasindra.org\/wp-content\/uploads\/2016\/07\/julio_iglesias1-206x300.png\" alt=\"julio_iglesias1\" width=\"206\" height=\"300\" \/><\/a><\/p>\n<p>&nbsp;<\/p>\n<p>Estimados compa\u00f1eros y compa\u00f1eras,<\/p>\n<p>En fechas recientes la empresa ha destituido a la Presidenta del Comit\u00e9 de Anabel Segura y ha abierto un expediente por una posible falta muy grave, a otro compa\u00f1ero del Comit\u00e9, por remitir la foto que adjuntamos en respuesta al correo de la formaci\u00f3n del C\u00f3digo \u00c9tico.<\/p>\n<p>\u200b<br \/>\nPor estas causas se han remitido los siguientes comunicados a la empresa:<\/p>\n<p>&nbsp;<\/p>\n<p>&nbsp;<\/p>\n<blockquote><p><em><span style=\"color: #3366ff\"><strong>Comunicado Destituci\u00f3n Pesidenta comit\u00e9 Anabel:<\/strong><\/span><\/em><br \/>\n<em><span style=\"color: #3366ff\"> El Comit\u00e9 de Anabel Segura rechaza rotundamente la represi\u00f3n sindical en forma de destituciones de representantes elegidos por los trabajadores democr\u00e1ticamente.<\/span><\/em><\/p>\n<p><em><span style=\"color: #3366ff\"> Esta situaci\u00f3n se agrava a\u00fan mas porque uno de los represaliados es la Presidenta de este Comit\u00e9.<\/span><\/em><\/p>\n<p><em><span style=\"color: #3366ff\"> Exigimos la restituci\u00f3n inmediata de todos los representantes de los trabajadores represaliados.<\/span><\/em><\/p>\n<p><em><span style=\"color: #3366ff\"> Entendemos que con estas acciones la empresa est\u00e1 cercenando unilateralmente los derechos que la ley otorga a los trabajadores de elegir democr\u00e1ticamente a sus representantes.<\/span><\/em><\/p>\n<p><span style=\"color: #000000\"><em> &#8212;&#8212;&#8212;&#8212;&#8212;&#8212;&#8212;&#8212;&#8212;&#8212;&#8212;&#8212;&#8212;&#8212;&#8212;&#8212;&#8212;&#8212;&#8212;&#8212;&#8212;&#8212;&#8212;&#8212;&#8212;&#8212;&#8212;&#8212;&#8212;&#8212;&#8212;&#8212;&#8212;&#8212;&#8212;&#8212;&#8211;<\/em><\/span><\/p>\n<p><em><span style=\"color: #3366ff\"><strong> Comunicado delegado expedientado:<\/strong><\/span><\/em><br \/>\n<em><span style=\"color: #3366ff\"> El Comit\u00e9 de Empresa de Anabel Segura considera que el inicio de un Expediente Sancionador sobre un miembro de este Comit\u00e9 no ha lugar, ya que no es mas que un ejercicio de su libertad de opini\u00f3n sindical sin ning\u00fan tipo de falta de respeto.<\/span><\/em><\/p>\n<p><em><span style=\"color: #3366ff\"> El Comit\u00e9 de Anabel Segura ha rechazado en varias ocasiones, la \u00faltima vez el 24 de Junio, el C\u00f3digo \u00c9tico por no contar con la RLT, raz\u00f3n por lo que lo consideramos ilegal.<\/span><\/em><\/p>\n<p><em><span style=\"color: #3366ff\"> Entendemos esto como parte de la represi\u00f3n que est\u00e1 sufriendo la representaci\u00f3n legal de los trabajadores por parte de la Direcci\u00f3n de la empresa.<\/span><\/em><\/p><\/blockquote>\n","protected":false},"excerpt":{"rendered":"<div class=\"mh-excerpt\">&nbsp; Estimados compa\u00f1eros y compa\u00f1eras, En fechas recientes la empresa ha destituido a la Presidenta del Comit\u00e9 de Anabel Segura y ha abierto un expediente por una posible falta muy grave, a otro compa\u00f1ero del <a class=\"mh-excerpt-more\" href=\"https:\/\/www.sitescobas.es\/indra\/2016\/07\/20\/comunicados-del-comite-de-empresa-de-anabel-segura\/\" title=\"Comunicados del Comit\u00e9 de Empresa de Anabel Segura\">[&#8230;]<\/a><\/div>\n","protected":false},"author":2,"featured_media":0,"comment_status":"open","ping_status":"closed","sticky":false,"template":"","format":"standard","meta":{"_kadence_starter_templates_imported_post":false,"footnotes":""},"categories":[40,13],"tags":[55,27,61,26],"class_list":{"0":"post-1758","1":"post","2":"type-post","3":"status-publish","4":"format-standard","6":"category-anabel-segura","7":"category-cobas-indra","8":"tag-comunicados-a-indra","9":"tag-protesta","10":"tag-represion-sindical","11":"tag-sindicatos"},"_links":{"self":[{"href":"https:\/\/www.sitescobas.es\/indra\/wp-json\/wp\/v2\/posts\/1758","targetHints":{"allow":["GET"]}}],"collection":[{"href":"https:\/\/www.sitescobas.es\/indra\/wp-json\/wp\/v2\/posts"}],"about":[{"href":"https:\/\/www.sitescobas.es\/indra\/wp-json\/wp\/v2\/types\/post"}],"author":[{"embeddable":true,"href":"https:\/\/www.sitescobas.es\/indra\/wp-json\/wp\/v2\/users\/2"}],"replies":[{"embeddable":true,"href":"https:\/\/www.sitescobas.es\/indra\/wp-json\/wp\/v2\/comments?post=1758"}],"version-history":[{"count":0,"href":"https:\/\/www.sitescobas.es\/indra\/wp-json\/wp\/v2\/posts\/1758\/revisions"}],"wp:attachment":[{"href":"https:\/\/www.sitescobas.es\/indra\/wp-json\/wp\/v2\/media?parent=1758"}],"wp:term":[{"taxonomy":"category","embeddable":true,"href":"https:\/\/www.sitescobas.es\/indra\/wp-json\/wp\/v2\/categories?post=1758"},{"taxonomy":"post_tag","embeddable":true,"href":"https:\/\/www.sitescobas.es\/indra\/wp-json\/wp\/v2\/tags?post=1758"}],"curies":[{"name":"wp","href":"https:\/\/api.w.org\/{rel}","templated":true}]}}