{"id":1751,"date":"2016-07-18T09:10:32","date_gmt":"2016-07-18T07:10:32","guid":{"rendered":"http:\/\/cobasindra.org\/?p=1751"},"modified":"2016-07-18T09:10:32","modified_gmt":"2016-07-18T07:10:32","slug":"su-represion-nuestra-motivacion","status":"publish","type":"post","link":"https:\/\/www.sitescobas.es\/indra\/2016\/07\/18\/su-represion-nuestra-motivacion\/","title":{"rendered":"Su Represi\u00f3n Nuestra Motivaci\u00f3n"},"content":{"rendered":"<p><a href=\"https:\/\/cloud.disroot.org\/s\/jl7JLcw6xZjG7uo\" target=\"_blank\" rel=\"attachment wp-att-1752 noopener noreferrer\"><img loading=\"lazy\" decoding=\"async\" class=\"alignleft wp-image-1752 size-medium\" src=\"http:\/\/cobasindra.org\/wp-content\/uploads\/2016\/07\/elcaso-212x300.png\" alt=\"elcaso\" width=\"212\" height=\"300\" \/><\/a>Estimados compa\u00f1eros y compa\u00f1eras,<\/p>\n<p>estos d\u00edas, mientras probablemente estuvieseis realizando el curso de \u00c9tica y Cumplimiento legal, la alta direcci\u00f3n de la empresa, esa que sale en los v\u00eddeos del curso, ha tenido a bien destituir como representante sindical para lo que la hab\u00edais elegido, a la presidenta del Comit\u00e9 de Empresa de Anabel Segura. Como ya hizo en diciembre con otros tres compa\u00f1eros del Comit\u00e9 de Anabel Segura por <strong><span style=\"color: #ff0000\">co.bas<\/span><\/strong> y recientemente con una compa\u00f1era de Arroyo de la Vega por CGT.<\/p>\n<p>A la gravedad del hecho de destituir a un representante elegido democr\u00e1ticamente por los trabajadores, se suma el hecho de que la presidenta de un comit\u00e9 de centro ha sido elegida tambi\u00e9n democt\u00e1ticamente por el resto de sindicatos representados a los que tambi\u00e9n se ignora.<\/p>\n<p>La presidenta del comit\u00e9 es la encargada de transmitir las decisiones de \u00e9ste a la empresa y muy probablemente las decisiones del comit\u00e9 de Anabel no sean del agrado de \u00e9sta cuando defiende a sus trabajadores y han preferido matar al mensajero.<\/p>\n<p>Ya os explicamos en su d\u00eda que la \u201ctriqui\u00f1uela legal\u201d es totalmente surrealista e inmoral. En nuestra empresa, los representantes sindicales estamos acostumbrados a trabajar en proyectos no s\u00f3lo fuera de nuestros centros, sino en clientes que incluso se pueden encontrar en diferentes localidades y realizamos nuestras funciones sin ning\u00fan problema. Ahora, siguiendo un esquema ya definido por la antigua direcci\u00f3n, la nueva se est\u00e1 ensa\u00f1ando con la representaci\u00f3n sindical poniendo como excusa el traslado entre centros a los que podemos desplazarnos andando si es necesario.<\/p>\n<p>Esto os puede dar una idea de las verdaderas intenciones de las personas en cuyas manos est\u00e1 el futuro de la empresa. No contentos con provocar una estampida en la que cientos de compa\u00f1eros cualificados han decidido dejar la empresa mientras los menos afortunados eran abandonados a su suerte tras a\u00f1os o lustros de darle beneficios, parece que entre los fines del susodicho plan estrat\u00e9gico se encuentra el de intentar dejar la empresa sin nadie que defienda a los trabajadores y trabajadoras, seguramente porque ese \u201cplan\u201d no vaya a ser nada bueno para nadie.<\/p>\n<p>Pero no va a ser as\u00ed. Cuando una persona se ofrece para, adem\u00e1s de realizar su trabajo, dedicar su tiempo a defender los derechos de todos y todas, sabe a lo que se enfrenta y a quienes. Y los afiliados, delegados y representantes de <strong><span style=\"color: #ff0000\">co.bas<\/span><\/strong> vamos a seguir luchando por nuestros derechos como hemos hecho siempre, mediante la justicia y la lucha sindical.<\/p>\n<p>Y por cada compa\u00f1era que destituyan surgir\u00e1n tres m\u00e1s. Como es el caso de Software Labs en Juli\u00e1n Camarillo en cuyo nuevo Comit\u00e9 ya hay una representaci\u00f3n de <strong><span style=\"color: #ff0000\">co.bas<\/span><\/strong> dispuesta a defender a los trabajadores del centro y a todos nosotros.<\/p>\n<p>&nbsp;<\/p>\n<p>Os adjuntamos el nuevo &#8216;<span style=\"text-decoration: underline\"><strong><span style=\"color: #0000ff;text-decoration: underline\"><a style=\"color: #0000ff;text-decoration: underline\" href=\"https:\/\/cloud.disroot.org\/s\/jl7JLcw6xZjG7uo\" target=\"_blank\" rel=\"noopener noreferrer\">Caso<\/a><\/span><\/strong><\/span>&#8216; especial <span style=\"color: #ff0000\"><strong><a style=\"color: #ff0000\" href=\"https:\/\/cloud.disroot.org\/s\/jl7JLcw6xZjG7uo\" target=\"_blank\" rel=\"noopener noreferrer\">Destituci\u00f3n de la Presidenta del Comit\u00e9 de Anabel Segura<\/a><\/strong><\/span><\/p>\n","protected":false},"excerpt":{"rendered":"<div class=\"mh-excerpt\">Estimados compa\u00f1eros y compa\u00f1eras, estos d\u00edas, mientras probablemente estuvieseis realizando el curso de \u00c9tica y Cumplimiento legal, la alta direcci\u00f3n de la empresa, esa que sale en los v\u00eddeos del curso, ha tenido a bien <a class=\"mh-excerpt-more\" href=\"https:\/\/www.sitescobas.es\/indra\/2016\/07\/18\/su-represion-nuestra-motivacion\/\" title=\"Su Represi\u00f3n Nuestra Motivaci\u00f3n\">[&#8230;]<\/a><\/div>\n","protected":false},"author":2,"featured_media":0,"comment_status":"open","ping_status":"closed","sticky":false,"template":"","format":"standard","meta":{"_kadence_starter_templates_imported_post":false,"footnotes":""},"categories":[40],"tags":[27,26],"class_list":{"0":"post-1751","1":"post","2":"type-post","3":"status-publish","4":"format-standard","6":"category-anabel-segura","7":"tag-protesta","8":"tag-sindicatos"},"_links":{"self":[{"href":"https:\/\/www.sitescobas.es\/indra\/wp-json\/wp\/v2\/posts\/1751","targetHints":{"allow":["GET"]}}],"collection":[{"href":"https:\/\/www.sitescobas.es\/indra\/wp-json\/wp\/v2\/posts"}],"about":[{"href":"https:\/\/www.sitescobas.es\/indra\/wp-json\/wp\/v2\/types\/post"}],"author":[{"embeddable":true,"href":"https:\/\/www.sitescobas.es\/indra\/wp-json\/wp\/v2\/users\/2"}],"replies":[{"embeddable":true,"href":"https:\/\/www.sitescobas.es\/indra\/wp-json\/wp\/v2\/comments?post=1751"}],"version-history":[{"count":0,"href":"https:\/\/www.sitescobas.es\/indra\/wp-json\/wp\/v2\/posts\/1751\/revisions"}],"wp:attachment":[{"href":"https:\/\/www.sitescobas.es\/indra\/wp-json\/wp\/v2\/media?parent=1751"}],"wp:term":[{"taxonomy":"category","embeddable":true,"href":"https:\/\/www.sitescobas.es\/indra\/wp-json\/wp\/v2\/categories?post=1751"},{"taxonomy":"post_tag","embeddable":true,"href":"https:\/\/www.sitescobas.es\/indra\/wp-json\/wp\/v2\/tags?post=1751"}],"curies":[{"name":"wp","href":"https:\/\/api.w.org\/{rel}","templated":true}]}}