{"id":1734,"date":"2016-07-12T14:10:26","date_gmt":"2016-07-12T12:10:26","guid":{"rendered":"http:\/\/cobasindra.org\/?p=1734"},"modified":"2016-07-12T14:10:26","modified_gmt":"2016-07-12T12:10:26","slug":"plan-de-carrera","status":"publish","type":"post","link":"https:\/\/www.sitescobas.es\/indra\/2016\/07\/12\/plan-de-carrera\/","title":{"rendered":"Plan de carrera"},"content":{"rendered":"<p><a href=\"http:\/\/cobasindra.org\/wp-content\/uploads\/2016\/07\/Running-generals-by-Rones1.png\" rel=\"attachment wp-att-1736\"><img loading=\"lazy\" decoding=\"async\" class=\"size-medium wp-image-1736 alignleft\" src=\"http:\/\/cobasindra.org\/wp-content\/uploads\/2016\/07\/Running-generals-by-Rones1-300x136.png\" alt=\"Running-generals-by-Rones1\" width=\"300\" height=\"136\" \/><\/a>Estimados compa\u00f1eros y compa\u00f1eras:<\/p>\n<p>Seguramente todos o la mayor\u00eda de vosotros y vosotras habr\u00e9is recibido un correo del presidente sobre la evoluci\u00f3n de los planes de carrera. Ese correo se envi\u00f3 justo despu\u00e9s de dar por finalizada una \u201cexplicaci\u00f3n\u201d a los sindicatos del mismo.<\/p>\n<p>Durante la \u00faltima semana de junio, tambi\u00e9n algunos de vosotros y vosotras habr\u00e9is sido informados sobre vuestro cambio de departamento que ya se ha materializado.<\/p>\n<p>A algunos os habr\u00e1n pasado de mercado o de Minsait a Centros de Desarrollo Global (los CDG\u2019s que, junto a Indra Software Labs y los proyectos de BPO componen la macro-\u00e1rea de Producci\u00f3n) y a otros, que suponemos que ser\u00e1n a la mayor\u00eda de los que os hayan reubicado, ser\u00e1 de Centros de Desarrollo Global a mercados.<\/p>\n<p>Respecto a los planes de carrera, nos han trasladado que han estado trabajando este a\u00f1o en un nuevo modelo de gesti\u00f3n de carrera que, curiosamente se parece mucho a otros que ya hemos sufrido en esta empresa (soluciones y servicios), aunque la novedad esta vez es que en esta ocasi\u00f3n ni siquiera cuentan con las personas para implantarlo debido seguramente, a la situaci\u00f3n de \u201cfuga de cerebros\u201d que se ha producido, por un lado, gracias a este ERE injusto e inoportuno que a\u00fan siguen ejecutando y, por otro, debido a las ineficaces y tambi\u00e9n injustas pol\u00edticas, por no calificarlas como fraude directamente, de relaciones laborales.<\/p>\n<p>No sabemos, y ni siquiera lo saben los compa\u00f1eros y compa\u00f1eras que han sido reubicados en distinto departamento, con qu\u00e9 criterios se ha realizado estos cambios, pero hemos de trasladaros que no nos gusta la m\u00fasica que suena y, en ese sentido, os recomendamos que no firm\u00e9is ning\u00fan cambio de condiciones si os lo propone la empresa y que acud\u00e1is a nosotros para asesoraros.<\/p>\n<p>Que a escasos tres meses de concertarnos el 2.016 nos planteen lo que parece que puede ser otra concertaci\u00f3n diferente, nos preocupa porque, o es producto de la improvisaci\u00f3n por la situaci\u00f3n que han creado, o quieren cumplir con los plazos necesarios para seguir dando pasos en su Plan Estrat\u00e9gico.<\/p>\n<p>Estamos convencidos de una posible discriminaci\u00f3n a determinados colectivos que, realizando las mismas tareas, con el mismo conocimiento funcional, con las mismas o mejores valoraciones, con la misma experiencia, etc\u2026 a unos se les ubica en producci\u00f3n y a otros en mercado. Resulta desconcertante que incluso a compa\u00f1eros y compa\u00f1eras que les han denegado la salida voluntaria en el ERE por ser perfiles de alta demanda, por su especializaci\u00f3n en negocio, los mantengan en Centros de Desarrollo Global incluso despu\u00e9s de congelarle este a\u00f1o de nuevo el salario y no promocionarlos. Parece una \u201cpromoci\u00f3n a consultor\/a\u201d pero compensadas \u00fanicamente con promesas, para variar.<\/p>\n<p>Somos de la opini\u00f3n que la macro-\u00e1rea de producci\u00f3n va a ser la masa m\u00e1s perjudicada en las siguientes fases del Plan Estrat\u00e9gico y que los compa\u00f1eros que est\u00e1n en Minsait y en mercados van a estar m\u00e1s mimados, aunque van a tener \u201cobjetivos m\u00e1s agresivos\u201d (quieran o no).<\/p>\n<p>Despu\u00e9s ya veremos las recompensas porque de eso no dicen nada, aunque como ejemplo, los variables de este a\u00f1o los han reducido en un 51% sin explicaci\u00f3n alguna. Es decir, que parece que siguen con la misma idea de adoptar el modelo de carrera \u201cr\u00e1pida\u201d que te obliga a promocionar a base de unos objetivos, pero no parece que vayan a pagarlos como si hacen las empresas que adoptan este modelo.<\/p>\n<p>Sobre el cambio cultural, os pasamos unas cuantas perlas de los que ya llevan tiempo promovi\u00e9ndolo. Nos ahorramos comentarios al respecto:<\/p>\n<p>Gerardo D\u00edaz Ferr\u00e1n (ex-presidente de la CEOE y residente en la prisi\u00f3n de Soto del Real):<\/p>\n<ul>\n<li>Junio de 2009: \u201dLos empresarios no somos culpables de la crisis, hemos creado riqueza\u201d.<\/li>\n<li>Julio de 2010: \u00abSubir la jubilaci\u00f3n a los 67 a\u00f1os me parece razonable y una tendencia de llegar a los 70 tambi\u00e9n me parece razonable con el tiempo. Hay que hacer un plan sensato. Claro que habr\u00e1 que llegar a los 70\u00bb.<\/li>\n<li>Octubre de 2010: \u00abHay que trabajar m\u00e1s y ganar menos para salir de la crisis\u201d.<\/li>\n<\/ul>\n<p>Jos\u00e9 Luis Feito (Presidente de la Comisi\u00f3n de Pol\u00edtica Econ\u00f3mica y Financiera de la CEOE)<\/p>\n<ul>\n<li>Marzo del 2010: \u201cCuanto m\u00e1s caigan los salarios por persona ocupada y hora trabajada, mayores ser\u00e1n las posibilidades de aumentar el empleo e impulsar la actividad productiva\u201d<\/li>\n<li>Febrero de 2012: \u201cHay que aceptar trabajos aunque sean en Laponia\u201d. \u201dEn Laponia naci\u00f3 Papa Noel, es un sitio muy bonito, con trabajos intensos de temporada y muy bien remunerados\u00bb.<\/li>\n<\/ul>\n<p>Joan Rosell (presidente de la CEOE, tras la \u201cdimisi\u00f3n\u201d de Gerardo):<\/p>\n<ul>\n<li>Febrero de 2012: \u201cComo aqu\u00ed el subsidio dura hasta 24 meses, la gente encuentra trabajo milagrosamente cuando falta un mes o dos para agotar el subsidio\u201d<\/li>\n<li>Febrero de 2013: \u201dSer\u00eda mejor ponerles (a los funcionarios) un subsidio a que est\u00e9n en la Administraci\u00f3n consumiendo papel, consumiendo tel\u00e9fono y tratando de crear leyes. Eso tiene un coste tremendo\u201d<\/li>\n<li>Julio de 2015: \u201cLos once millones de indefinidos son privilegiados en comparaci\u00f3n con los que tienen menos derechos. Ser\u00eda bueno hacer la media entre los derechos de unos y de otros\u201d.<\/li>\n<li>Mayo de 2016: \u00abEl trabajo fijo y seguro es un concepto del siglo XIX, ahora hay que gan\u00e1rselo todos los d\u00edas\u00bb<\/li>\n<\/ul>\n<p>Jos\u00e9 de la Cavada (ex-director de relaciones laborales de la CEOE: sancionado por una infracci\u00f3n \u00abmuy grave\u00bb al someter a pr\u00e1cticas humillantes a sus subordinados.)<\/p>\n<ul>\n<li>Junio de 2013: \u201cEl Estatuto de los Trabajadores \u00abse hizo pensando que los viajes se hacen en diligencia, pues se dan cuatro d\u00edas para un permiso por defunci\u00f3n que, evidentemente con los veh\u00edculos que hay ahora, se trata de horas de desplazamiento, o a veces de una hora\u00bb<\/li>\n<\/ul>\n<p>Jos\u00e9 Carlos Francisco (presidente de la CEOE-Tenerife y exconsejero de Econom\u00eda y Hacienda del Gobierno de Canarias por Coalici\u00f3n Canaria)<\/p>\n<ul>\n<li>Abril de 2013: \u201cGracias a la crisis ahora se trabaja m\u00e1s por menos salario\u201d. \u201cLos culpables de la Crisis somos todos. Los individuos, las familias y tambi\u00e9n las empresas\u2026 hemos gastado por encima de nuestras posibilidades\u201d. \u00abNo es una barbaridad pedir que se despida a 5000 empleados p\u00fablicos\u00bb<\/li>\n<\/ul>\n<p>M\u00f3nica de Oriol (ex-presidenta del c\u00edrculo de \u201cempresarios\u201d, ex-consejera de Indra, presidenta de Seguriber (responsable de la seguridad del Madrid Arena en noviembre del 2012) y \u201dmadre\u201d de 6 hijos a la hora del bocata):<\/p>\n<ul>\n<li>Abril de 2014: Hay que permitir a las empresas \u00abcoger a chavales sin cualificaci\u00f3n, que hagan formaci\u00f3n dual, con un salario inferior al marcado, hasta que produzcan lo que cobran\u201d. Hay que bajar el salario m\u00ednimo (645,30 euros al mes) a los j\u00f3venes, porque a los empresarios les \u201cobligan a pagarles aunque no valgan para nada\u201d. \u201cLos subsidios que hay en Espa\u00f1a, que son los m\u00e1s generosos del mundo mundial, no est\u00e1n condicionados a la b\u00fasqueda de empleo y generan [\u2026] situaciones de parasitismo\u201d<\/li>\n<li>Octubre de 2014: afirma que prefiere \u00abcontratar a mujeres mayores de 45 a\u00f1os o con edades inferiores a los 25 a\u00f1os para evitar embarazos\u201d. \u00abEsa protecci\u00f3n de la mujer la desvincula del alineamiento con los intereses de la empresa y la desconecta del esfuerzo diario\u00bb<\/li>\n<\/ul>\n<p>A muchos, en Minsait o en mercados, os est\u00e1n comentando que sois la \u00e9lite hoy en Indra.<\/p>\n<p>A modo de reflexi\u00f3n, se\u00f1alar que la \u201c\u00e9lite\u201d de finales de los a\u00f1os 80, ha sido expulsada a trav\u00e9s de este ERE de una forma que consideramos totalmente injusta despu\u00e9s de haber creado unos niveles de riqueza impresionantes, no \u00fanicamente para la empresa sino para la sociedad en general.<\/p>\n<p>Quiz\u00e1s, precisamente por considerarse eso; una \u201c\u00e9lite\u201d intocable en lugar de considerarnos lo que somos: trabajadores y trabajadoras asalariadas.<\/p>\n<p>La diferencia es que en esa \u00e9poca, aparte de trabajar cientos de horas menos, disponer de muchos beneficios sociales, tener reconocimiento social, etc\u2026 un analista-programador, por ejemplo, cobraba 5 millones de pesetas anuales (30.000 euros). Si vais a la p\u00e1gina del INE, podr\u00e9is saber qu\u00e9 poder adquisitivo o lo que ser\u00eda hoy esa cantidad para ver si realmente sois o no esa \u201c\u00e9lite\u201d de la que hablan.<\/p>\n<p>Nos hemos dirigido a la empresa para solicitar informaci\u00f3n sobre los cambios de estos compa\u00f1eros y compa\u00f1eras de departamento <strong><a href=\"https:\/\/cloud.openmailbox.org\/index.php\/s\/nAp5ppcgF36eHre\" target=\"_blank\" rel=\"noopener noreferrer\">PeticionCambioDpto_firmado.pdf<\/a><\/strong><\/p>\n<p>Aprovechamos esta comunicaci\u00f3n para que conozc\u00e1is nuestra opini\u00f3n, trasladada a la empresa, sobre el informe de Responsabilidad Social Corporativa (<strong><a href=\"https:\/\/cloud.openmailbox.org\/index.php\/s\/8dVWYxVx2rWZ2Ol\" target=\"_blank\" rel=\"noopener noreferrer\">Respuesta CoBas borrador Memoria 2015.pdf<\/a><\/strong>) y para que conozc\u00e1is tambi\u00e9n la intervenci\u00f3n realizada por CoBas en la Junta de Accionistas celebrada el jueves, 29 de junio (<strong><a href=\"https:\/\/cloud.openmailbox.org\/index.php\/s\/8hW1HPpkbVzMWlW\" target=\"_blank\" rel=\"noopener noreferrer\">Lectura cobas Junta General Accionistas 2016_Word.pdf<\/a><\/strong>).<\/p>\n<p>Tambi\u00e9n os pasamos la solicitud de informaci\u00f3n sobre los proyectos de Indra que quieren reubicar en Minsat (<strong><a href=\"https:\/\/cloud.openmailbox.org\/index.php\/s\/Z00d7Fx8mFVcrMK\" target=\"_blank\" rel=\"noopener noreferrer\">PeticionMinsait_firmado.pdf<\/a><\/strong>). En ese sentido, toda la informaci\u00f3n que nos pod\u00e1is aportar ser\u00e1 bienvenida y gestionada con mucho cari\u00f1o.<\/p>\n","protected":false},"excerpt":{"rendered":"<div class=\"mh-excerpt\">Estimados compa\u00f1eros y compa\u00f1eras: Seguramente todos o la mayor\u00eda de vosotros y vosotras habr\u00e9is recibido un correo del presidente sobre la evoluci\u00f3n de los planes de carrera. Ese correo se envi\u00f3 justo despu\u00e9s de dar <a class=\"mh-excerpt-more\" href=\"https:\/\/www.sitescobas.es\/indra\/2016\/07\/12\/plan-de-carrera\/\" title=\"Plan de carrera\">[&#8230;]<\/a><\/div>\n","protected":false},"author":2,"featured_media":0,"comment_status":"open","ping_status":"closed","sticky":false,"template":"","format":"standard","meta":{"_kadence_starter_templates_imported_post":false,"footnotes":""},"categories":[13],"tags":[35,45,26],"class_list":{"0":"post-1734","1":"post","2":"type-post","3":"status-publish","4":"format-standard","6":"category-cobas-indra","7":"tag-breves","8":"tag-ere-en-indra","9":"tag-sindicatos"},"_links":{"self":[{"href":"https:\/\/www.sitescobas.es\/indra\/wp-json\/wp\/v2\/posts\/1734","targetHints":{"allow":["GET"]}}],"collection":[{"href":"https:\/\/www.sitescobas.es\/indra\/wp-json\/wp\/v2\/posts"}],"about":[{"href":"https:\/\/www.sitescobas.es\/indra\/wp-json\/wp\/v2\/types\/post"}],"author":[{"embeddable":true,"href":"https:\/\/www.sitescobas.es\/indra\/wp-json\/wp\/v2\/users\/2"}],"replies":[{"embeddable":true,"href":"https:\/\/www.sitescobas.es\/indra\/wp-json\/wp\/v2\/comments?post=1734"}],"version-history":[{"count":0,"href":"https:\/\/www.sitescobas.es\/indra\/wp-json\/wp\/v2\/posts\/1734\/revisions"}],"wp:attachment":[{"href":"https:\/\/www.sitescobas.es\/indra\/wp-json\/wp\/v2\/media?parent=1734"}],"wp:term":[{"taxonomy":"category","embeddable":true,"href":"https:\/\/www.sitescobas.es\/indra\/wp-json\/wp\/v2\/categories?post=1734"},{"taxonomy":"post_tag","embeddable":true,"href":"https:\/\/www.sitescobas.es\/indra\/wp-json\/wp\/v2\/tags?post=1734"}],"curies":[{"name":"wp","href":"https:\/\/api.w.org\/{rel}","templated":true}]}}