{"id":1704,"date":"2016-05-26T15:27:27","date_gmt":"2016-05-26T13:27:27","guid":{"rendered":"http:\/\/cobasindra.org\/?p=1704"},"modified":"2016-05-26T15:27:27","modified_gmt":"2016-05-26T13:27:27","slug":"contra-la-represion-sindical-en-la-emt-conchareadmisionemt","status":"publish","type":"post","link":"https:\/\/www.sitescobas.es\/indra\/2016\/05\/26\/contra-la-represion-sindical-en-la-emt-conchareadmisionemt\/","title":{"rendered":"Contra la represi\u00f3n sindical en la EMT #ConchaReadmisionEMT"},"content":{"rendered":"<h4 style=\"text-align: center\"><span style=\"color: #ff0000\">CONTRA LA REPRESION SINDICAL EN LA EMT<\/span><\/h4>\n<h4 style=\"text-align: center\"><span style=\"color: #ff0000\">READMISION INMEDIATA DE LA COMPA\u00d1ERA DESPEDIDA<\/span><\/h4>\n<p>El pasado 18 de Abril tuvimos conocimiento del despido de la compa\u00f1era Concepci\u00f3n Mart\u00ednez por no superaci\u00f3n del periodo de prueba como trabajadora de limpieza y avituallamiento en la EMT de Madrid, empresa totalmente dependiente del Ayuntamiento de Madrid, y cuya presidencia recae en la Concejala In\u00e9s Saban\u00e9s.<\/p>\n<p>Los argumentos que utiliza la empresa para justificar semejante desatino es el bajo rendimiento de la trabajadora y las continuas llamadas de atenci\u00f3n que se produjeron por parte de los mandos intermedios a la misma, hechos totalmente falsos como se ha podido comprobar cuando hemos hablado con el resto de sus compa\u00f1eros, escondiendo los verdaderos motivos que no son otros que la reclamaci\u00f3n de sus derechos realizada por la compa\u00f1era ante el intento de vulneraci\u00f3n de derechos que sobre ella misma y otras tres compa\u00f1eras intentaron hacer los mismos mandos intermedios que realizaron posteriormente su periodo de adaptaci\u00f3n. El gran \u201cpecado\u201d de la trabajadora fue reclamar su derecho a solicitar las vacaciones cuando a ella le conviniera de acuerdo con la empresa, como as\u00ed tuvieron que reconoc\u00e9rselo la propia direcci\u00f3n de Recursos Humanos, cuando desde la secci\u00f3n Sindical de <span style=\"color: #ff0000\"><strong>co.bas<\/strong><\/span> se denunciaron estas actitudes caciquiles. A esta reclamaci\u00f3n se une la reivindicaci\u00f3n de la trabajadora de su pertenencia al Sindicato<span style=\"color: #ff0000\">\u00a0<strong>co.bas<\/strong>\u00a0<\/span>y la actitud claramente anti-sindical del mando\u00a0intermedio encargada de su supervisi\u00f3n.<\/p>\n<p>Las actitudes caciquiles de algunos \u201cjefecillos\u201d no son nada nuevo, lo realmente indignamente es la actitud de los que llegaron anunciando el cambio en la pol\u00edtica municipal y reproducen la represi\u00f3n sindical como en los peores a\u00f1os del franquismo, dando cobertura a elementos totalmente hostiles a los trabajadores y a la libertad sindical, elevando a incuestionable la palabra de \u201cjefes\u201d cuestionados reiteradamente por los trabajadores, haciendo caso omiso a las peticiones firmadas por los trabajadores del centro. En realidad los \u00faltimos responsables de permitir la REPRESI\u00d3N SINDICAL en una empresa municipal es el Ayuntamiento de Madrid e In\u00e9s Saban\u00e9s, como responsable de la EMT, junto con el Director General Gerente y el Director de Recursos Humanos puestos por ella misma, ya que tanto unos y otra han hecho caso omiso a las peticiones para investigar y revisar el caso que se han hecho desde diferentes instancias.<\/p>\n<p>Por todo ello desde esta Secci\u00f3n Sindical exigimos que se reconsidere la decisi\u00f3n adoptada por la EMT y se readmita a la trabajadora de forma inmediata, que se acabe con los reinos de taifas de algunos mandos intermedios, que se investigue los motivos reales del despido interpelando a los que formaron equipo con la trabajadora durante casi cinco meses. Estamos hablando de una empresa que se gestiona con el dinero de todos los madrile\u00f1os y no se puede permitir que se convierta en el ejemplo de c\u00f3mo ejercer la REPRESI\u00d3N SINDICAL para librarse de sindicalistas inc\u00f3modos. El Ayuntamiento \u201cDEL CAMBIO\u201d no puede ni debe hacer o\u00eddos sordos a esta petici\u00f3n, porque si no estar\u00eda faltando a los compromisos que se adoptaron durante la campa\u00f1a electoral y estar\u00edamos viviendo la misma situaci\u00f3n que en \u00e9poca de Franco, donde la palabra de un \u201cjefe\u201d era como la ley de Dios y estaba prohibido ponerla en cuesti\u00f3n, lo \u00fanico que habr\u00eda cambiado para los trabajadores ser\u00edan las caras de los responsables, ya que la pol\u00edtica continuar\u00eda siendo la misma.<\/p>\n<p>Por todo lo anteriormente expuesto EXIGIMOS:<\/p>\n<p>&nbsp;<\/p>\n<p style=\"text-align: center\"><strong>INMEDIATA READMISI\u00d3N DE LA TRABAJADORA DESPEDIDA<\/strong><\/p>\n<p style=\"text-align: center\"><strong>TRANSPARENCIA EN LOS INFORMES SOBRE PERIODOS DE PRUEBA<\/strong><\/p>\n<p style=\"text-align: center\"><strong>ACABAR CON LOS CACIQUES EN LA EMT<\/strong><\/p>\n<p>&nbsp;<\/p>\n<p><span style=\"color: #0000ff\"><strong><em><a style=\"color: #0000ff\" href=\"http:\/\/www.cobas.es\/images\/adjuntos\/ContraRepresionSindical_EMT.docx\" target=\"_blank\" rel=\"noopener noreferrer\">Bajar carta<\/a><\/em><\/strong><\/span><\/p>\n<p><strong><span style=\"text-decoration: underline\"><span style=\"color: #0000ff;text-decoration: underline\">Tod@s<\/span><\/span><\/strong>\u00a0podemos colaborar enviando la carta a:<\/p>\n<p>Director Gerente EMT:\u00a0<span style=\"color: #0000ff\"><strong><em><a style=\"color: #0000ff\" href=\"mailto:alvaro.fernandez@emtmadrid.es\">alvaro.fernandez@emtmadrid.es<\/a><\/em><\/strong><\/span><\/p>\n<p>Director RR.HH. EMT :\u00a0<strong><em><span style=\"color: #0000ff\"><a style=\"color: #0000ff\" href=\"mailto:gabriel.carrasco@emtmadrid.es\">gabriel.carrasco@emtmadrid.es<\/a><\/span>\u00a0<\/em><\/strong><\/p>\n<p>Con copia a:\u00a0<span style=\"color: #0000ff\"><strong><em><a style=\"color: #0000ff\" href=\"mailto:cobasemtmadrid@gmail.com\">cobasemtmadrid@gmail.com<\/a><\/em><\/strong><\/span><\/p>\n<p>&nbsp;<\/p>\n<p><strong>Secci\u00f3n Sindical de <\/strong><span style=\"color: #ff0000\"><strong><em>co.bas<\/em><\/strong><\/span><strong> en Indra Sistemas<\/strong><\/p>\n<p><strong>\u00a0<a href=\"http:\/\/cobasindra.org\/wp-content\/uploads\/2015\/07\/cobas.png\" rel=\"attachment wp-att-759\"><img loading=\"lazy\" decoding=\"async\" class=\"size-full wp-image-759 alignleft\" src=\"http:\/\/cobasindra.org\/wp-content\/uploads\/2015\/07\/cobas.png\" alt=\"co.bas\" width=\"101\" height=\"82\" \/><\/a><br \/>\n<\/strong><\/p>\n<p>&nbsp;<\/p>\n","protected":false},"excerpt":{"rendered":"<div class=\"mh-excerpt\">CONTRA LA REPRESION SINDICAL EN LA EMT READMISION INMEDIATA DE LA COMPA\u00d1ERA DESPEDIDA El pasado 18 de Abril tuvimos conocimiento del despido de la compa\u00f1era Concepci\u00f3n Mart\u00ednez por no superaci\u00f3n del periodo de prueba como <a class=\"mh-excerpt-more\" href=\"https:\/\/www.sitescobas.es\/indra\/2016\/05\/26\/contra-la-represion-sindical-en-la-emt-conchareadmisionemt\/\" title=\"Contra la represi\u00f3n sindical en la EMT #ConchaReadmisionEMT\">[&#8230;]<\/a><\/div>\n","protected":false},"author":2,"featured_media":0,"comment_status":"open","ping_status":"closed","sticky":false,"template":"","format":"standard","meta":{"_kadence_starter_templates_imported_post":false,"footnotes":""},"categories":[13,29],"tags":[44,26],"class_list":{"0":"post-1704","1":"post","2":"type-post","3":"status-publish","4":"format-standard","6":"category-cobas-indra","7":"category-sociedad","8":"tag-comunicados","9":"tag-sindicatos"},"_links":{"self":[{"href":"https:\/\/www.sitescobas.es\/indra\/wp-json\/wp\/v2\/posts\/1704","targetHints":{"allow":["GET"]}}],"collection":[{"href":"https:\/\/www.sitescobas.es\/indra\/wp-json\/wp\/v2\/posts"}],"about":[{"href":"https:\/\/www.sitescobas.es\/indra\/wp-json\/wp\/v2\/types\/post"}],"author":[{"embeddable":true,"href":"https:\/\/www.sitescobas.es\/indra\/wp-json\/wp\/v2\/users\/2"}],"replies":[{"embeddable":true,"href":"https:\/\/www.sitescobas.es\/indra\/wp-json\/wp\/v2\/comments?post=1704"}],"version-history":[{"count":0,"href":"https:\/\/www.sitescobas.es\/indra\/wp-json\/wp\/v2\/posts\/1704\/revisions"}],"wp:attachment":[{"href":"https:\/\/www.sitescobas.es\/indra\/wp-json\/wp\/v2\/media?parent=1704"}],"wp:term":[{"taxonomy":"category","embeddable":true,"href":"https:\/\/www.sitescobas.es\/indra\/wp-json\/wp\/v2\/categories?post=1704"},{"taxonomy":"post_tag","embeddable":true,"href":"https:\/\/www.sitescobas.es\/indra\/wp-json\/wp\/v2\/tags?post=1704"}],"curies":[{"name":"wp","href":"https:\/\/api.w.org\/{rel}","templated":true}]}}