{"id":1643,"date":"2016-05-04T13:07:32","date_gmt":"2016-05-04T11:07:32","guid":{"rendered":"http:\/\/cobasindra.org\/?p=1643"},"modified":"2016-05-04T13:07:32","modified_gmt":"2016-05-04T11:07:32","slug":"pocus-concertacion","status":"publish","type":"post","link":"https:\/\/www.sitescobas.es\/indra\/2016\/05\/04\/pocus-concertacion\/","title":{"rendered":"POCUS CONCERTACI\u00d3N"},"content":{"rendered":"<p><a href=\"http:\/\/cobasindra.org\/wp-content\/uploads\/2016\/05\/Foca1.png\" rel=\"attachment wp-att-1645\"><img loading=\"lazy\" decoding=\"async\" class=\"size-medium wp-image-1645 alignleft\" src=\"http:\/\/cobasindra.org\/wp-content\/uploads\/2016\/05\/Foca1-300x290.png\" alt=\"Foca1\" width=\"300\" height=\"290\" \/><\/a><\/p>\n<p>Este a\u00f1o hemos decidido realizar un proceso de <strong><span style=\"color: #ff0000\">Valoraci\u00f3n del Desempe\u00f1o de la Compa\u00f1\u00eda<\/span><\/strong>.<\/p>\n<p>En primer lugar se determinaron los <strong>objetivos anuales<\/strong>, y posteriormente se hizo un <strong>seguimiento de los avances<\/strong> en los que se vieron las <strong>acciones necesarias<\/strong> para que se pudieran cumplir. Finalmente comprobaremos si se ha cumplido, evaluando el trabajo llevado a cabo.<\/p>\n<p>&nbsp;<\/p>\n<p>&nbsp;<\/p>\n<p><strong><u>Objetivos<\/u><\/strong><strong>:<\/strong><\/p>\n<ol>\n<li>Objetivos ligados a la gesti\u00f3n corporativa.<\/li>\n<li>Objetivos relativos a la gesti\u00f3n de personas.<\/li>\n<li>Objetivos relativos a los conocimientos\/capacidades\/habilidades.<\/li>\n<\/ol>\n<p>&nbsp;<\/p>\n<p><strong><u>Seguimiento<\/u><\/strong><strong>:<\/strong><\/p>\n<p><strong>\u00a0<\/strong>\u00bfC\u00f3mo ha ido la gesti\u00f3n corporativa?<\/p>\n<ol>\n<li>\n<ol>\n<li>Seguimos con p\u00e9rdidas\u2026 de hasta el 450%<\/li>\n<li>Han echado directivos por montos de millones de euros<\/li>\n<li>Han echado a trabajadores con sueldos inferiores a los 1000 euros<\/li>\n<li>Los proyectos sudan sangre para poder seguir, adapt\u00e1ndose a los despidos<\/li>\n<li>Indra ha sido demandada por incumplimiento de contrato en Ecuador<\/li>\n<li>Indra ha sido salpicada por la trama p\u00fanica<\/li>\n<li>Los trabajadores han sufrido una p\u00e9rdida de salario\u2026 mientras \u00bfellos? se lo llevan muerto\u2026.\n<ol>\n<li>El <strong>Presidente<\/strong> de Indra parece ser que se llev\u00f3 <strong>1,31 Millones de Euros de Indra en su primer a\u00f1o como Presidente<\/strong>\u2026.(siempre seg\u00fan publicaciones en los medios de comunicaci\u00f3n)<\/li>\n<li>En <strong>2014 la remuneraci\u00f3n total de la alta direcci\u00f3n (en miles de euros) fue 6.064<\/strong> y en <strong>2015<\/strong>, con p\u00e9rdidas que \u2018supuestamente\u2019 justificaban el \u20acR\u20ac, la remuneraci\u00f3n total de la alta direcci\u00f3n (en miles de euros) <strong>fue 15.252, m\u00e1s del doble que en 2014<\/strong>\u2026 (seg\u00fan datos publicados en la CMNV)<\/li>\n<\/ol>\n<\/li>\n<\/ol>\n<\/li>\n<\/ol>\n<ol start=\"2\">\n<li>\u00bfC\u00f3mo se ha realizado la gesti\u00f3n de las personas?\n<ol>\n<li>\u00a1C\u00f3mo siempre! no hay forma de colocar a los desasignados<\/li>\n<li>Hay 20 jefes por jornalero del bit<\/li>\n<li>Los proyectos se ven afectados por falta de personal<\/li>\n<li>Selecci\u00f3n del trabajador de tasa barata para suplir trabajo de tres<\/li>\n<\/ol>\n<\/li>\n<\/ol>\n<ol start=\"3\">\n<li>\u00bfCumple la empresa en cuanto a conocimientos\/capacidades\/habilidades?\n<ol>\n<li>Malas formas<\/li>\n<li>Que el marr\u00f3n lo solucione otro<\/li>\n<li>Se despiden a los curritos indiscriminadamente y se mantienen a los jefes<\/li>\n<li>Fomentar la habilidad en hacer equilibrios con una pir\u00e1mide invertida en la organizaci\u00f3n<\/li>\n<li>Que no nos compliquen la vida con la conciliaci\u00f3n familiar<\/li>\n<\/ol>\n<\/li>\n<\/ol>\n<p>&nbsp;<\/p>\n<p><strong><u>Acciones necesarias<\/u><\/strong><strong>:<\/strong><\/p>\n<p><strong>Cursos:<\/strong><\/p>\n<ol>\n<li>\u201cBuenas maneras\u201d<\/li>\n<li>\u201cCuando me humanizo no me siento culpable\u201d<\/li>\n<li>\u201cSuelta el dinero y curra\u201d<\/li>\n<li>\u201cDesarrollo de capacidades organizativas\u201d<\/li>\n<li>\u201cHabilidades de Direcci\u00f3n\u201d<\/li>\n<li>\u201cSolventar los conflictos\u201d<\/li>\n<li>\u201cLos trabajadores no son mi enemigo\u201d<\/li>\n<li>\u201cYo tambi\u00e9n s\u00e9 escuchar a los representantes de los trabajadores\u201d<\/li>\n<\/ol>\n<p><strong>Pases de pel\u00edculas:<\/strong><\/p>\n<ol>\n<li>\u201cNo negociar\u00e1s con el vecino de enfrente\u201d<\/li>\n<li>\u201cTrabajadores al borde de un ataque de nervios\u201d<\/li>\n<li>\u201cNegociando con lobos\u201d<\/li>\n<li>\u201cLas amistades peligrosas\u201d<\/li>\n<\/ol>\n<p><strong>Lectura de libros:<\/strong><\/p>\n<ol>\n<li>\u201cLa histeria interminable\u201d<\/li>\n<li>\u201cEl <strong><span style=\"color: #ff0000\">co.bas<\/span><\/strong> Da Vinci\u201d<\/li>\n<li>\u201cMemorias de Indra\u201d<\/li>\n<li>\u201cAqu\u00ed paga todo el mundo\u201d<\/li>\n<li>\u201cLa empresa y los perros\u201d<\/li>\n<\/ol>\n<p><strong>Otro tipo de acciones:<\/strong><\/p>\n<ol>\n<li>Que se vayan aquellos que est\u00e1n de acuerdo con el \u20acR\u20ac y creen que sobra alguien.<\/li>\n<li>Castigados mirando a la pared, en el rinc\u00f3n de pensar, los que no se solidarizan con los m\u00e1s d\u00e9biles.<\/li>\n<li>Que los de arriba se pongan en la piel de los de abajo por una temporada.<\/li>\n<li>Que se mezclen con los trabajadores los jefes, que conozcan \u2018otras realidades\u2019.<\/li>\n<li>Aprender a Escuchar. Disfrutar de reuniones plurales con \u201ctormentas de ideas\u201d.<\/li>\n<li>Mejorar las condiciones de los trabajadores SI repercute en el beneficio de la empresa. Ayudad a que podamos demostrarlo.<\/li>\n<\/ol>\n<p>&nbsp;<\/p>\n<p><strong><u>Evaluaci\u00f3n<\/u><\/strong><strong>:<\/strong><\/p>\n<ul>\n<li>Los trabajadores dan la nota:<\/li>\n<\/ul>\n<p><span style=\"color: #ff0000\"><strong>La empresa \u2018necesita mejorar\u2019<\/strong><\/span>, en cuanto a:<\/p>\n<ul>\n<li>Gesti\u00f3n Empresa<\/li>\n<li>Relaciones humanas y buenas maneras<\/li>\n<li>Comunicaci\u00f3n e informaci\u00f3n<\/li>\n<\/ul>\n<p>&nbsp;<\/p>\n","protected":false},"excerpt":{"rendered":"<div class=\"mh-excerpt\">Este a\u00f1o hemos decidido realizar un proceso de Valoraci\u00f3n del Desempe\u00f1o de la Compa\u00f1\u00eda. En primer lugar se determinaron los objetivos anuales, y posteriormente se hizo un seguimiento de los avances en los que se <a class=\"mh-excerpt-more\" href=\"https:\/\/www.sitescobas.es\/indra\/2016\/05\/04\/pocus-concertacion\/\" title=\"POCUS CONCERTACI\u00d3N\">[&#8230;]<\/a><\/div>\n","protected":false},"author":2,"featured_media":0,"comment_status":"open","ping_status":"closed","sticky":false,"template":"","format":"standard","meta":{"_kadence_starter_templates_imported_post":false,"footnotes":""},"categories":[13],"tags":[27],"class_list":{"0":"post-1643","1":"post","2":"type-post","3":"status-publish","4":"format-standard","6":"category-cobas-indra","7":"tag-protesta"},"_links":{"self":[{"href":"https:\/\/www.sitescobas.es\/indra\/wp-json\/wp\/v2\/posts\/1643","targetHints":{"allow":["GET"]}}],"collection":[{"href":"https:\/\/www.sitescobas.es\/indra\/wp-json\/wp\/v2\/posts"}],"about":[{"href":"https:\/\/www.sitescobas.es\/indra\/wp-json\/wp\/v2\/types\/post"}],"author":[{"embeddable":true,"href":"https:\/\/www.sitescobas.es\/indra\/wp-json\/wp\/v2\/users\/2"}],"replies":[{"embeddable":true,"href":"https:\/\/www.sitescobas.es\/indra\/wp-json\/wp\/v2\/comments?post=1643"}],"version-history":[{"count":0,"href":"https:\/\/www.sitescobas.es\/indra\/wp-json\/wp\/v2\/posts\/1643\/revisions"}],"wp:attachment":[{"href":"https:\/\/www.sitescobas.es\/indra\/wp-json\/wp\/v2\/media?parent=1643"}],"wp:term":[{"taxonomy":"category","embeddable":true,"href":"https:\/\/www.sitescobas.es\/indra\/wp-json\/wp\/v2\/categories?post=1643"},{"taxonomy":"post_tag","embeddable":true,"href":"https:\/\/www.sitescobas.es\/indra\/wp-json\/wp\/v2\/tags?post=1643"}],"curies":[{"name":"wp","href":"https:\/\/api.w.org\/{rel}","templated":true}]}}