{"id":1606,"date":"2016-04-27T16:05:11","date_gmt":"2016-04-27T14:05:11","guid":{"rendered":"http:\/\/cobasindra.org\/?p=1606"},"modified":"2016-04-27T16:05:11","modified_gmt":"2016-04-27T14:05:11","slug":"la-que-se-avec-indra","status":"publish","type":"post","link":"https:\/\/www.sitescobas.es\/indra\/2016\/04\/27\/la-que-se-avec-indra\/","title":{"rendered":"La que se avec &#8230; Indra"},"content":{"rendered":"<p>Seg\u00fan <strong>El Confidencial <span style=\"color: #0000ff\"><a style=\"color: #0000ff\" href=\"http:\/\/www.elconfidencial.com\/mercados\/2016-04-26\/indra-vuelve-al-foco-kepler-recomienda-vender-en-pleno-rally_1190232\/\" target=\"_blank\" rel=\"noopener noreferrer\">http:\/\/www.elconfidencial.com\/mercados\/2016-04-26\/indra-vuelve-al-foco-kepler-recomienda-vender-en-pleno-rally_1190232\/<\/a><\/span><\/strong>:<\/p>\n<p><span style=\"color: #3366ff\"><em>\u201cA falta de menos de dos semanas para que <a style=\"color: #3366ff\" href=\"http:\/\/www.elconfidencial.com\/mercados\/cotizacion\/indra-sistemas-a\/M%20IDR\/ibex35\/\">Indra <\/a>d\u00e9 a conocer sus cuentas correspondientes al primer trimestre del a\u00f1o -ser\u00e1 el lunes 9 de mayo-, la firma de an\u00e1lisis<strong> ha rebajado su recomendaci\u00f3n a \u201cvender\u201d<\/strong> desde \u201cmantener\u201d por los riesgos que sigue presentando a pesar del plan de su plan de reestructuraci\u00f3n.\u201d<\/em><\/span><\/p>\n<p>Pero accediendo en <strong><span style=\"color: #0000ff\"><a style=\"color: #0000ff\" href=\"http:\/\/www.cnmv.es\/Portal\/consultas\/EE\/InformacionGobCorp.aspx?nif=A-28599033\" target=\"_blank\" rel=\"noopener noreferrer\">www.cnmv.es<\/a><\/span><\/strong> a los informes anuales de Gobierno Corporativo de Indra, nos encontramos con que<span style=\"color: #ff0000\"> en <strong>2014<\/strong>:<\/span><\/p>\n<p><a href=\"http:\/\/cobasindra.org\/wp-content\/uploads\/2016\/04\/cnmv-2014-1.png\" rel=\"attachment wp-att-1609\"><img loading=\"lazy\" decoding=\"async\" class=\"aligncenter wp-image-1609 size-large\" src=\"http:\/\/cobasindra.org\/wp-content\/uploads\/2016\/04\/cnmv-2014-1-1024x787.png\" alt=\"cnmv 2014\" width=\"695\" height=\"534\" \/><\/a><\/p>\n<p><span style=\"color: #ff0000\">Y en <strong>2015<\/strong>:<\/span><\/p>\n<p><a href=\"http:\/\/cobasindra.org\/wp-content\/uploads\/2016\/04\/cnmv-2015-1.png\" rel=\"attachment wp-att-1610\"><img loading=\"lazy\" decoding=\"async\" class=\"aligncenter wp-image-1610 size-large\" src=\"http:\/\/cobasindra.org\/wp-content\/uploads\/2016\/04\/cnmv-2015-1-1024x787.png\" alt=\"cnmv 2015\" width=\"695\" height=\"534\" \/><\/a><\/p>\n<p>Es decir, que (encima) en <strong>2015<\/strong> los Importes de los derechos acumulados por los consejeros actuales en materia de pensiones (miles de euros) fueron de <strong><span style=\"color: #ff0000\">4.663<\/span><\/strong>, cuando en <strong>2014<\/strong> fueron <strong><span style=\"color: #ff0000\">0<\/span><\/strong>.<\/p>\n<ul>\n<li>en <strong>2014<\/strong> la remuneraci\u00f3n total de la alta direcci\u00f3n (en miles de euros) fue <strong><span style=\"color: #ff0000\">6.064<\/span><\/strong><\/li>\n<li>en <strong>2015<\/strong>, con p\u00e9rdidas que &#8216;supuestamente&#8217; justificaban el ERE, la remuneraci\u00f3n total de la alta direcci\u00f3n (en miles de euros) fue <strong><span style=\"color: #ff0000\">15.252, m\u00e1s del doble que en 2014&#8230;<\/span><\/strong><\/li>\n<\/ul>\n<p>Muy mal no sabemos si le ir\u00e1 a la empresa, pero a los consejeros y a la alta direcci\u00f3n\u2026 igual no tanto.<br \/>\n<strong> A los trabajadores desde luego que si.<\/strong><\/p>\n<p>En <strong><span style=\"color: #0000ff\"><a style=\"color: #0000ff\" href=\"http:\/\/www.cnmv.es\/Portal\/verDoc.axd?t={cb6237ff-3030-461c-8134-e8aa566b736a}\" target=\"_blank\" rel=\"noopener noreferrer\">www.cnmv.es<\/a><\/span><\/strong> explican las remuneraciones de los consejeros de Indra en <strong>2015<\/strong>:<\/p>\n<p><em><span style=\"color: #3366ff\">\u00abLa Retribuci\u00f3n Fija, conforme a lo contemplado en la Pol\u00edtica de Remuneraciones vigente ha ascendido a 710m\u20ac en el caso del Presidente (correspondiente a 11 meses del ejercicio 2015) y a 550 m\u20ac en el caso del Consejero Delegado. El Sr, Monz\u00f3n, anterior presidente ejecutivo, percibi\u00f3 por este concepto 83m\u20ac (correspondientes al mes de enero de 2015).\u00bb<\/span><\/em><\/p>\n<p>Y, si ten\u00e9is inter\u00e9s, ah\u00ed mismo pod\u00e9is saber m\u00e1s sobre sus retribuciones variables&#8230;<\/p>\n<h4 style=\"text-align: center\"><span style=\"color: #0000ff\">Gracias Consejeros, gracias Alta Direcci\u00f3n, muchas gracias&#8230;.<\/span><\/h4>\n","protected":false},"excerpt":{"rendered":"<div class=\"mh-excerpt\">Seg\u00fan El Confidencial http:\/\/www.elconfidencial.com\/mercados\/2016-04-26\/indra-vuelve-al-foco-kepler-recomienda-vender-en-pleno-rally_1190232\/: \u201cA falta de menos de dos semanas para que Indra d\u00e9 a conocer sus cuentas correspondientes al primer trimestre del a\u00f1o -ser\u00e1 el lunes 9 de mayo-, la firma de an\u00e1lisis <a class=\"mh-excerpt-more\" href=\"https:\/\/www.sitescobas.es\/indra\/2016\/04\/27\/la-que-se-avec-indra\/\" title=\"La que se avec &#8230; Indra\">[&#8230;]<\/a><\/div>\n","protected":false},"author":2,"featured_media":601,"comment_status":"open","ping_status":"closed","sticky":false,"template":"","format":"standard","meta":{"_kadence_starter_templates_imported_post":false,"footnotes":""},"categories":[13],"tags":[45,24],"class_list":{"0":"post-1606","1":"post","2":"type-post","3":"status-publish","4":"format-standard","5":"has-post-thumbnail","7":"category-cobas-indra","8":"tag-ere-en-indra","9":"tag-salario"},"_links":{"self":[{"href":"https:\/\/www.sitescobas.es\/indra\/wp-json\/wp\/v2\/posts\/1606","targetHints":{"allow":["GET"]}}],"collection":[{"href":"https:\/\/www.sitescobas.es\/indra\/wp-json\/wp\/v2\/posts"}],"about":[{"href":"https:\/\/www.sitescobas.es\/indra\/wp-json\/wp\/v2\/types\/post"}],"author":[{"embeddable":true,"href":"https:\/\/www.sitescobas.es\/indra\/wp-json\/wp\/v2\/users\/2"}],"replies":[{"embeddable":true,"href":"https:\/\/www.sitescobas.es\/indra\/wp-json\/wp\/v2\/comments?post=1606"}],"version-history":[{"count":0,"href":"https:\/\/www.sitescobas.es\/indra\/wp-json\/wp\/v2\/posts\/1606\/revisions"}],"wp:featuredmedia":[{"embeddable":true,"href":"https:\/\/www.sitescobas.es\/indra\/wp-json\/"}],"wp:attachment":[{"href":"https:\/\/www.sitescobas.es\/indra\/wp-json\/wp\/v2\/media?parent=1606"}],"wp:term":[{"taxonomy":"category","embeddable":true,"href":"https:\/\/www.sitescobas.es\/indra\/wp-json\/wp\/v2\/categories?post=1606"},{"taxonomy":"post_tag","embeddable":true,"href":"https:\/\/www.sitescobas.es\/indra\/wp-json\/wp\/v2\/tags?post=1606"}],"curies":[{"name":"wp","href":"https:\/\/api.w.org\/{rel}","templated":true}]}}