{"id":1542,"date":"2016-03-29T12:05:58","date_gmt":"2016-03-29T10:05:58","guid":{"rendered":"http:\/\/cobasindra.org\/?p=1542"},"modified":"2016-03-29T12:05:58","modified_gmt":"2016-03-29T10:05:58","slug":"indra-en-el-campamento-dignidad-extremadura","status":"publish","type":"post","link":"https:\/\/www.sitescobas.es\/indra\/2016\/03\/29\/indra-en-el-campamento-dignidad-extremadura\/","title":{"rendered":"Indra en el Campamento Dignidad Extremadura"},"content":{"rendered":"<p>Estimados compa\u00f1eros\/as,<\/p>\n<p>hace unos d\u00edas os informamos de las jornadas \u00ab<strong>CAMBIO POL\u00cdTICO Y MOVIMIENTOS SOCIALES<\/strong>\u00bb organizadas por el Campamento Dignidad de Extremadura en Badajoz los d\u00edas 12 y 13 de marzo de 2016.<\/p>\n<p>Ahora os pasamos el <span style=\"color: #000000\">v\u00eddeo con la intervenci\u00f3n de nuestro compa\u00f1ero de Indra:<\/span><\/p>\n<figure id=\"attachment_1543\" aria-describedby=\"caption-attachment-1543\" style=\"width: 300px\" class=\"wp-caption aligncenter\"><a href=\"https:\/\/goblinrefuge.com\/mediagoblin\/u\/cobasindraorg\/m\/no-al-ere-en-indra-campamento-dignidad\/\" target=\"_blank\" rel=\"attachment wp-att-1543 noopener noreferrer\"><img loading=\"lazy\" decoding=\"async\" class=\"wp-image-1543 size-medium\" src=\"http:\/\/cobasindra.org\/wp-content\/uploads\/2016\/03\/intervcobas-300x212.png\" alt=\"intervcobas\" width=\"300\" height=\"212\" \/><\/a><figcaption id=\"caption-attachment-1543\" class=\"wp-caption-text\">Intervenci\u00f3n de co.bas sobre el ERE en Indra en las Jornadas Cambio Pol\u00edtico y Movimientos Sociales<\/figcaption><\/figure>\n<p>Y tambi\u00e9n otros enlaces interesantes subidos a youtube:<\/p>\n<p>&nbsp;<\/p>\n<p><strong><u><span style=\"color: #0000ff\"><a style=\"color: #0000ff\" href=\"https:\/\/youtu.be\/m5PmrzYERrc\" target=\"_blank\" rel=\"noopener noreferrer\">PRESENTACI\u00d3N<\/a><\/span>.-<\/u><\/strong><\/p>\n<p>&nbsp;<\/p>\n<p><strong><u>DEBATE SOBRE LOS MOVIMIENTOS SOCIALES EN ESPA\u00d1A.-<\/u><\/strong><\/p>\n<p><span style=\"color: #0000ff\"><a style=\"color: #0000ff\" href=\"https:\/\/youtu.be\/e-SA_-pNxj0\" target=\"_blank\" rel=\"noopener noreferrer\"><u>INTERVENCI\u00d3N DE MARIO ESPINOZA PARTE 1.<\/u><strong>&#8211;<\/strong><\/a><\/span><\/p>\n<p><span style=\"color: #0000ff\"><a style=\"color: #0000ff\" href=\"https:\/\/youtu.be\/v1tGLf32GfU\" target=\"_blank\" rel=\"noopener noreferrer\"><u>INTERVENCI\u00d3N DE MARIO ESPINOZA PARTE 2.<\/u><strong>&#8211;<\/strong><\/a><\/span><\/p>\n<p><span style=\"color: #0000ff\"><a style=\"color: #0000ff\" href=\"https:\/\/youtu.be\/qKdDTt2sS7s\" target=\"_blank\" rel=\"noopener noreferrer\"><u>INTERVENCI\u00d3N DE MANUEL CA\u00d1ADA.-<\/u><\/a><\/span><\/p>\n<p><span style=\"color: #0000ff\"><a style=\"color: #0000ff\" href=\"https:\/\/youtu.be\/GW-PCIukGdM\" target=\"_blank\" rel=\"noopener noreferrer\"><u>DEBATE CON EL P\u00daBLICO.-<\/u><\/a><\/span><\/p>\n<p>&nbsp;<\/p>\n<p><strong><u>HISTORIA Y ACTUALIDAD 25 DE MARZO DE 1936.-<\/u><\/strong><\/p>\n<p><span style=\"color: #0000ff\"><a style=\"color: #0000ff\" href=\"https:\/\/youtu.be\/XNHPgMxo4GE\" target=\"_blank\" rel=\"noopener noreferrer\"><u>PRESENTACI\u00d3N DE EUGENIO ROMERO, \u2018YUYI\u2019.-<\/u><\/a><\/span><\/p>\n<p><span style=\"color: #0000ff\"><a style=\"color: #0000ff\" href=\"https:\/\/youtu.be\/Fm5jP26fTzE\" target=\"_blank\" rel=\"noopener noreferrer\"><u>INTERVENCI\u00d3N DE ROBERTO CARLOS MONTA\u00d1\u00c9S.-<\/u><\/a><\/span><\/p>\n<p>&nbsp;<\/p>\n<p><strong><u>DEBATE LUCHA SOCIAL Y CAMBIO POL\u00cdTICO.-<\/u><\/strong><\/p>\n<p><span style=\"color: #0000ff\"><a style=\"color: #0000ff\" href=\"https:\/\/youtu.be\/cdAOfDqT5TY\" target=\"_blank\" rel=\"noopener noreferrer\"><u>PRESENTACI\u00d3N DE MIGUEL MANZANERA.-<\/u><\/a><\/span><\/p>\n<p><span style=\"color: #0000ff\"><a style=\"color: #0000ff\" href=\"https:\/\/youtu.be\/XBUZDtksb6k\" target=\"_blank\" rel=\"noopener noreferrer\"><u>INTERVENCI\u00d3N DE JOAN TAFALLA (ESPAI MARX).-<\/u><\/a><\/span><\/p>\n<p><span style=\"color: #0000ff\"><a style=\"color: #0000ff\" href=\"https:\/\/youtu.be\/HQXj3mDqInY\" target=\"_blank\" rel=\"noopener noreferrer\"><u>INTERVENCI\u00d3N DE RAFAEL JUAN (COLECTIVO PROMETEO).-<\/u><\/a><\/span><\/p>\n<p><span style=\"color: #0000ff\"><a style=\"color: #0000ff\" href=\"https:\/\/youtu.be\/U2kVlbt0XcU\" target=\"_blank\" rel=\"noopener noreferrer\"><u>INTERVENCI\u00d3N DE MANUEL MONEREO.-<\/u><\/a><\/span><\/p>\n<p><span style=\"color: #0000ff\"><a style=\"color: #0000ff\" href=\"https:\/\/youtu.be\/7iUVu_e5_P0\" target=\"_blank\" rel=\"noopener noreferrer\"><u>DEBATE CON EL P\u00daBLICO.-<\/u><\/a><\/span><\/p>\n<p>&nbsp;<\/p>\n<p><strong><u>DEBATE MOVIMIENTOS SOCIALES Y PARTIDOS POL\u00cdTICOS.-<\/u><\/strong><\/p>\n<p><span style=\"color: #0000ff\"><a style=\"color: #0000ff\" href=\"https:\/\/youtu.be\/3QPZDfjwuwQ\" target=\"_blank\" rel=\"noopener noreferrer\"><u>PRESENTACI\u00d3N DE JUAN ANDRADE.-<\/u><\/a><\/span><\/p>\n<p><span style=\"color: #0000ff\"><a style=\"color: #0000ff\" href=\"https:\/\/www.youtube.com\/watch?v=8GvQdcGCpz8\" target=\"_blank\" rel=\"noopener noreferrer\"><u>INTERVENCI\u00d3N DE PABLO, JORNALERO DEL SAT.-<\/u><\/a><\/span><\/p>\n<p><span style=\"color: #0000ff\"><a style=\"color: #0000ff\" href=\"https:\/\/www.youtube.com\/watch?v=UR-IzzYFijk\" target=\"_blank\" rel=\"noopener noreferrer\"><u>INTERVENCION DE ISABEL FRANCO (DIPUTADA DE PODEMOS).-<\/u><\/a><\/span><\/p>\n<p><span style=\"color: #0000ff\"><a style=\"color: #0000ff\" href=\"https:\/\/www.youtube.com\/watch?v=OoaN9AgO-AU\" target=\"_blank\" rel=\"noopener noreferrer\"><u>INTERVENCI\u00d3N DE TOM KUCHARZ (ECOLOGISTAS EN ACCI\u00d3N).-<\/u><\/a><\/span><\/p>\n<p><span style=\"color: #0000ff\"><a style=\"color: #0000ff\" href=\"https:\/\/www.youtube.com\/watch?v=WKtsCtWzKbA\" target=\"_blank\" rel=\"noopener noreferrer\"><u>INTERVENCI\u00d3N DE ALBERTO GARZ\u00d3N.-<\/u><\/a><\/span><\/p>\n<p><span style=\"color: #0000ff\"><a style=\"color: #0000ff\" href=\"https:\/\/www.youtube.com\/watch?v=Fk22K4iqdPY\" target=\"_blank\" rel=\"noopener noreferrer\"><u>DEBATE FINAL.<\/u>&#8211;<\/a><\/span><\/p>\n<p>&nbsp;<\/p>\n<p><strong><u>DEBATE EXPERIENCIAS DE LUCHA SOCIAL HOY.-<\/u><\/strong><\/p>\n<p><span style=\"color: #0000ff\"><a style=\"color: #0000ff\" href=\"https:\/\/youtu.be\/htAjJEoyQN4\" target=\"_blank\" rel=\"noopener noreferrer\"><u>EXPERIENCIAS DE LUCHA SOCIAL HOY &#8211; Primera parte <\/u><strong>.-<\/strong><\/a><\/span><\/p>\n<p><span style=\"color: #0000ff\"><a style=\"color: #0000ff\" href=\"https:\/\/youtu.be\/Of7t5tqSnUs\" target=\"_blank\" rel=\"noopener noreferrer\"><u>EXPERIENCIAS DE LUCHA SOCIAL HOY &#8211; Segunda parte <\/u><strong>.-<\/strong><\/a><\/span><\/p>\n<p><span style=\"color: #0000ff\"><a style=\"color: #0000ff\" href=\"https:\/\/youtu.be\/y3s0C5pf2nk\" target=\"_blank\" rel=\"noopener noreferrer\"><u>EXPERIENCIAS DE LUCHA SOCIAL HOY &#8211; Tercera parte <\/u><strong>.-<\/strong><\/a><\/span><\/p>\n<p><span style=\"color: #0000ff\"><a style=\"color: #0000ff\" href=\"https:\/\/youtu.be\/2OIgvxKH6Qc\" target=\"_blank\" rel=\"noopener noreferrer\"><u>EXPERIENCIAS DE LUCHA SOCIAL HOY DEBATE CON EL P\u00daBLICO<\/u>.-<\/a><\/span><\/p>\n<p>&nbsp;<\/p>\n<p>&nbsp;<\/p>\n","protected":false},"excerpt":{"rendered":"<div class=\"mh-excerpt\">Estimados compa\u00f1eros\/as, hace unos d\u00edas os informamos de las jornadas \u00abCAMBIO POL\u00cdTICO Y MOVIMIENTOS SOCIALES\u00bb organizadas por el Campamento Dignidad de Extremadura en Badajoz los d\u00edas 12 y 13 de marzo de 2016. Ahora os <a class=\"mh-excerpt-more\" href=\"https:\/\/www.sitescobas.es\/indra\/2016\/03\/29\/indra-en-el-campamento-dignidad-extremadura\/\" title=\"Indra en el Campamento Dignidad Extremadura\">[&#8230;]<\/a><\/div>\n","protected":false},"author":2,"featured_media":0,"comment_status":"open","ping_status":"closed","sticky":false,"template":"","format":"standard","meta":{"_kadence_starter_templates_imported_post":false,"footnotes":""},"categories":[13],"tags":[32,45,27,26],"class_list":{"0":"post-1542","1":"post","2":"type-post","3":"status-publish","4":"format-standard","6":"category-cobas-indra","7":"tag-despidos","8":"tag-ere-en-indra","9":"tag-protesta","10":"tag-sindicatos"},"_links":{"self":[{"href":"https:\/\/www.sitescobas.es\/indra\/wp-json\/wp\/v2\/posts\/1542","targetHints":{"allow":["GET"]}}],"collection":[{"href":"https:\/\/www.sitescobas.es\/indra\/wp-json\/wp\/v2\/posts"}],"about":[{"href":"https:\/\/www.sitescobas.es\/indra\/wp-json\/wp\/v2\/types\/post"}],"author":[{"embeddable":true,"href":"https:\/\/www.sitescobas.es\/indra\/wp-json\/wp\/v2\/users\/2"}],"replies":[{"embeddable":true,"href":"https:\/\/www.sitescobas.es\/indra\/wp-json\/wp\/v2\/comments?post=1542"}],"version-history":[{"count":0,"href":"https:\/\/www.sitescobas.es\/indra\/wp-json\/wp\/v2\/posts\/1542\/revisions"}],"wp:attachment":[{"href":"https:\/\/www.sitescobas.es\/indra\/wp-json\/wp\/v2\/media?parent=1542"}],"wp:term":[{"taxonomy":"category","embeddable":true,"href":"https:\/\/www.sitescobas.es\/indra\/wp-json\/wp\/v2\/categories?post=1542"},{"taxonomy":"post_tag","embeddable":true,"href":"https:\/\/www.sitescobas.es\/indra\/wp-json\/wp\/v2\/tags?post=1542"}],"curies":[{"name":"wp","href":"https:\/\/api.w.org\/{rel}","templated":true}]}}