{"id":1515,"date":"2016-03-07T15:39:33","date_gmt":"2016-03-07T13:39:33","guid":{"rendered":"http:\/\/cobasindra.org\/?p=1515"},"modified":"2016-03-07T15:39:33","modified_gmt":"2016-03-07T13:39:33","slug":"8-de-marzo-dia-internacional-de-la-mujer-trabajadora","status":"publish","type":"post","link":"https:\/\/www.sitescobas.es\/indra\/2016\/03\/07\/8-de-marzo-dia-internacional-de-la-mujer-trabajadora\/","title":{"rendered":"8 de Marzo, D\u00eda Internacional de la Mujer Trabajadora"},"content":{"rendered":"<p style=\"text-align: center\"><span style=\"color: #6627c4\"><strong>MANIFESTACI\u00d3N 8 DE MARZO DE 2016 EN MADRID:<\/strong><\/span><\/p>\n<p style=\"text-align: center\"><span style=\"color: #6627c4\"><strong>Martes 8 de Marzo a las 19:00 h.<br \/>\n<\/strong><\/span><\/p>\n<p style=\"text-align: center\"><span style=\"color: #6627c4\"><strong>Atocha &#8211; Cibeles<\/strong><\/span><\/p>\n<p style=\"text-align: center\"><span style=\"color: #6627c4\"><strong>Cortejo de <\/strong><span style=\"color: #ff0000\"><strong><em>co.bas<\/em><\/strong><\/span><strong> 18:45 h. (Cuesta de Moyano)<\/strong><\/span><\/p>\n<p>Un a\u00f1o m\u00e1s nos encontramos que no hay ning\u00fan cambio en los derechos de las mujeres. Seguimos siendo de segunda clase en una sociedad totalmente progresista.<\/p>\n<p>Quieren convencernos que los recortes en las distintas instituciones debido a la crisis, no permiten que se puedan solventar las necesidades m\u00ednimas de las mujeres.<\/p>\n<p>Los recortes en las empresas afectan m\u00e1s directamente en las trabajadoras. A pesar de tener salarios m\u00e1s bajos que sus compa\u00f1eros, suelen ser m\u00e1s f\u00e1ciles de despedir, porque seguimos viviendo en una sociedad machista d\u00f3nde se piensa que el hombre es el que mantiene a la familia y si hay que prescindir de alguien, es mejor que sea una mujer.<\/p>\n<p>Los recortes en la educaci\u00f3n, est\u00e1n acrecentando y provocando una sociedad inculta y manejable. Y cuanto m\u00e1s inculta, m\u00e1s manejable e influenciable. La desinformaci\u00f3n, o la informaci\u00f3n manipulada provocan tambi\u00e9n la p\u00e9rdida de los valores propios y necesarios de la especie humana y de la sociedad para poder convivir con un m\u00ednimo de normas. Las normas no deben servir como posible tajo de los derechos, pero si como canalizadoras de un correcto funcionamiento y de respeto en la sociedad.<\/p>\n<p>La violencia de g\u00e9nero no es un problema de las clases m\u00e1s bajas y con menos medios, ocurre en todas las clases. Es una forma de dominio intolerable, d\u00f3nde <strong>unos<\/strong> \u201cciertos hombres\u201d consideran a la mujer como de su propiedad y pueden hacer lo que les venga en gana, y <strong>otras<\/strong> \u201casumen su inferioridad\u201d porque no saben d\u00f3nde acudir para que les defiendan o asesoren.<\/p>\n<p>El d\u00eda 8 de Marzo conmemoramos la lucha de las mujeres en una sociedad intolerante. Queremos que se respete y valore en su justa medida las posibilidades de todas. A veces nos puede perjudicar la implantaci\u00f3n obligatoria de cuotas de paridades en ciertas instituciones, puestos de trabajo o cargos p\u00fablicos. Es una falsa igualdad. Si no hay mujeres para presentarse a un cargo, no hay que forzar una situaci\u00f3n absurda, y sin embargo, seguir pagando un salario un 20% de media m\u00e1s bajo a las mujeres en cualquier puesto.<\/p>\n<p>Sabemos cu\u00e1ndo nos discriminan por ser mujeres, una \u201cdiscriminaci\u00f3n positiva\u201d deber\u00eda servir para ayudar.<\/p>\n<p><a href=\"http:\/\/cobasindra.org\/wp-content\/uploads\/2016\/03\/8MARZO.jpg\" target=\"_blank\" rel=\"attachment wp-att-1502 noopener noreferrer\"><img loading=\"lazy\" decoding=\"async\" class=\"aligncenter wp-image-1502 size-full\" src=\"http:\/\/cobasindra.org\/wp-content\/uploads\/2016\/03\/8MARZO.jpg\" alt=\"8MARZO\" width=\"596\" height=\"842\" \/><\/a><\/p>\n","protected":false},"excerpt":{"rendered":"<div class=\"mh-excerpt\">MANIFESTACI\u00d3N 8 DE MARZO DE 2016 EN MADRID: Martes 8 de Marzo a las 19:00 h. Atocha &#8211; Cibeles Cortejo de co.bas 18:45 h. (Cuesta de Moyano) Un a\u00f1o m\u00e1s nos encontramos que no hay <a class=\"mh-excerpt-more\" href=\"https:\/\/www.sitescobas.es\/indra\/2016\/03\/07\/8-de-marzo-dia-internacional-de-la-mujer-trabajadora\/\" title=\"8 de Marzo, D\u00eda Internacional de la Mujer Trabajadora\">[&#8230;]<\/a><\/div>\n","protected":false},"author":2,"featured_media":0,"comment_status":"open","ping_status":"closed","sticky":false,"template":"","format":"standard","meta":{"_kadence_starter_templates_imported_post":false,"footnotes":""},"categories":[28,13],"tags":[47,27,26],"class_list":{"0":"post-1515","1":"post","2":"type-post","3":"status-publish","4":"format-standard","6":"category-mujer","7":"category-cobas-indra","8":"tag-mujer","9":"tag-protesta","10":"tag-sindicatos"},"_links":{"self":[{"href":"https:\/\/www.sitescobas.es\/indra\/wp-json\/wp\/v2\/posts\/1515","targetHints":{"allow":["GET"]}}],"collection":[{"href":"https:\/\/www.sitescobas.es\/indra\/wp-json\/wp\/v2\/posts"}],"about":[{"href":"https:\/\/www.sitescobas.es\/indra\/wp-json\/wp\/v2\/types\/post"}],"author":[{"embeddable":true,"href":"https:\/\/www.sitescobas.es\/indra\/wp-json\/wp\/v2\/users\/2"}],"replies":[{"embeddable":true,"href":"https:\/\/www.sitescobas.es\/indra\/wp-json\/wp\/v2\/comments?post=1515"}],"version-history":[{"count":0,"href":"https:\/\/www.sitescobas.es\/indra\/wp-json\/wp\/v2\/posts\/1515\/revisions"}],"wp:attachment":[{"href":"https:\/\/www.sitescobas.es\/indra\/wp-json\/wp\/v2\/media?parent=1515"}],"wp:term":[{"taxonomy":"category","embeddable":true,"href":"https:\/\/www.sitescobas.es\/indra\/wp-json\/wp\/v2\/categories?post=1515"},{"taxonomy":"post_tag","embeddable":true,"href":"https:\/\/www.sitescobas.es\/indra\/wp-json\/wp\/v2\/tags?post=1515"}],"curies":[{"name":"wp","href":"https:\/\/api.w.org\/{rel}","templated":true}]}}