{"id":1496,"date":"2016-03-01T15:47:28","date_gmt":"2016-03-01T13:47:28","guid":{"rendered":"http:\/\/cobasindra.org\/?p=1496"},"modified":"2016-03-01T15:47:28","modified_gmt":"2016-03-01T13:47:28","slug":"campamento-dignidad-en-badajoz","status":"publish","type":"post","link":"https:\/\/www.sitescobas.es\/indra\/2016\/03\/01\/campamento-dignidad-en-badajoz\/","title":{"rendered":"Campamento Dignidad en Badajoz"},"content":{"rendered":"<p>Estimados Compa\u00f1eros:<\/p>\n<div id=\"yui_3_16_0_1_1456814292363_61219\">\n<div id=\"yui_3_16_0_1_1456814292363_61218\">Os informo de la invitaci\u00f3n que tenemos los compa\u00f1eros de <strong>Indra<\/strong>, dentro de la Plataforma <span id=\"yui_3_16_0_1_1456814292363_61224\"><b id=\"yui_3_16_0_1_1456814292363_61223\">Unificando Las Luchas,<\/b><\/span> a las jornadas sobre \u00abCambio Pol\u00edtico y Movimientos Sociales\u00bb dentro de 2 semanas en Badajoz.<\/div>\n<div><\/div>\n<div>Os adjuntamos el programa:<\/div>\n<div><\/div>\n<\/div>\n<div>\n<p><span style=\"color: #0000ff\">Jornada de formaci\u00f3n y debate <strong>CAMBIO POL\u00cdTICO Y MOVIMIENTOS SOCIALES<\/strong><\/span><br \/>\n<span style=\"color: #0000ff\"> Badajoz, 11, 12 y 13 de marzo de 2016<\/span><\/p>\n<p style=\"text-align: center\"><span style=\"color: #0000ff\"><strong>CAMPAMENTOS DIGNIDAD DE EXTREMADURA<\/strong><\/span><\/p>\n<p><span style=\"color: #0000ff\"><strong><span style=\"text-decoration: underline\"> S\u00c1BADO 12 DE MARZO<\/span><\/strong><\/span><\/p>\n<div class=\"text_exposed_show\">\n<p><span style=\"color: #0000ff\">09:30. Inauguraci\u00f3n de las Jornadas.<\/span><\/p>\n<p><span style=\"color: #0000ff\">10:00-12:30 Conferencias y debate. Moderan: Isabel Saturnino y Yolanda Ramos (Campamentos dignidad)<\/span><br \/>\n<span style=\"color: #0000ff\"> \u201cLos movimientos sociales: del 15M hasta hoy\u201d, Mario Espinosa (Instituto para la Democracia y el Municipalismo)<\/span><br \/>\n<span style=\"color: #0000ff\"> \u201cUn 15M obrero: Los Campamentos Dignidad\u201d. Manuel Ca\u00f1ada (Educador social)<\/span><\/p>\n<p><span style=\"color: #0000ff\">13:00-14:30. Conferencia y debate \u201c25 de Marzo de 1936. Historia y actualidad\u201d<\/span><br \/>\n<span style=\"color: #0000ff\"> Modera: Guillermo Le\u00f3n (Historiador)<\/span><br \/>\n<span style=\"color: #0000ff\"> Interviene: Roberto Carlos Monta\u00f1\u00e9s (Profesor de historia en el IESO Valles de Gata)<\/span><\/p>\n<p><span style=\"color: #0000ff\">14:30. Comida<\/span><\/p>\n<p><span style=\"color: #0000ff\">17:00-19:00. Mesa debate: \u201cLucha social y cambio pol\u00edtico\u201d<\/span><br \/>\n<span style=\"color: #0000ff\"> Modera: Miguel Manzanera (Profesor de filosof\u00eda en el IES de Villafranca)<\/span><br \/>\n<span style=\"color: #0000ff\"> Intervienen: Joan Tafalla (Espai Marx y Plataforma Salir del Euro), Rafael Juan (Colectivo Prometeo y Frente C\u00edvico), Manuel Monereo (Polit\u00f3logo)<\/span><\/p>\n<p><span style=\"color: #0000ff\">19:00-21:00: Mesa Debate: \u201cMovimientos sociales y partidos pol\u00edticos\u201d<\/span><br \/>\n<span style=\"color: #0000ff\"> Modera: Juan Andrade (Profesor de la UEx)<\/span><br \/>\n<span style=\"color: #0000ff\"> Intervienen: Mari Rodr\u00edguez (Sindicato Andaluz de Trabajadores), Tom Kucharz (Ecologistas en Acci\u00f3n y Plan B para Europa), Rafael Mayoral (Diputado por Podemos en el Congreso), Alberto Garz\u00f3n (Diputado por IU-Unidad Popular en el Congreso)<\/span><\/p>\n<p><span style=\"text-decoration: underline;color: #0000ff\"><strong>DOMINGO 13 DE MARZO<\/strong><\/span><br \/>\n<span style=\"color: #0000ff\"> 9:30-12:30 Mesa debate: \u201cExperiencias de lucha social hoy: parad@s, precari@s, migrantes y feminismos\u201d<\/span><br \/>\n<span style=\"color: #0000ff\"> Moderan: Teresa L\u00f3pez y Pilar Rodr\u00edguez (Campamentos Dignidad)<\/span><br \/>\n<span style=\"color: #0000ff\"> Intervienen: Miguel \u00c1ngel Luis (Parados en Movimiento de Valladolid), Laura Requena (Plataforma Unificando las Luchas), Ana Latas (Plataforma de Mujeres por la Igualdad de C\u00e1ceres), Ana Marcello (activista y diputada por Podemos en el Congreso), compa\u00f1eras de CNT- Extremadura, Coca-Cola, <strong>Indra<\/strong>, Mina de Monesterio, Tragsa y Refugiados Extremadura.<\/span><\/p>\n<p><span style=\"color: #0000ff\">13:00-14:00 Asamblea General de los Campamentos Dignidad de Extremadura.<\/span><\/p>\n<p><a href=\"http:\/\/cobasindra.org\/wp-content\/uploads\/2016\/03\/Campamentos-Dignidad.jpg\" rel=\"attachment wp-att-1497\"><img loading=\"lazy\" decoding=\"async\" class=\" wp-image-1497 aligncenter\" src=\"http:\/\/cobasindra.org\/wp-content\/uploads\/2016\/03\/Campamentos-Dignidad-212x300.jpg\" alt=\"Campamentos Dignidad\" width=\"482\" height=\"456\" \/><\/a><\/p>\n<\/div>\n<\/div>\n","protected":false},"excerpt":{"rendered":"<div class=\"mh-excerpt\">Estimados Compa\u00f1eros: Os informo de la invitaci\u00f3n que tenemos los compa\u00f1eros de Indra, dentro de la Plataforma Unificando Las Luchas, a las jornadas sobre \u00abCambio Pol\u00edtico y Movimientos Sociales\u00bb dentro de 2 semanas en Badajoz. <a class=\"mh-excerpt-more\" href=\"https:\/\/www.sitescobas.es\/indra\/2016\/03\/01\/campamento-dignidad-en-badajoz\/\" title=\"Campamento Dignidad en Badajoz\">[&#8230;]<\/a><\/div>\n","protected":false},"author":2,"featured_media":0,"comment_status":"open","ping_status":"closed","sticky":false,"template":"","format":"standard","meta":{"_kadence_starter_templates_imported_post":false,"footnotes":""},"categories":[13],"tags":[32,45,27,26],"class_list":{"0":"post-1496","1":"post","2":"type-post","3":"status-publish","4":"format-standard","6":"category-cobas-indra","7":"tag-despidos","8":"tag-ere-en-indra","9":"tag-protesta","10":"tag-sindicatos"},"_links":{"self":[{"href":"https:\/\/www.sitescobas.es\/indra\/wp-json\/wp\/v2\/posts\/1496","targetHints":{"allow":["GET"]}}],"collection":[{"href":"https:\/\/www.sitescobas.es\/indra\/wp-json\/wp\/v2\/posts"}],"about":[{"href":"https:\/\/www.sitescobas.es\/indra\/wp-json\/wp\/v2\/types\/post"}],"author":[{"embeddable":true,"href":"https:\/\/www.sitescobas.es\/indra\/wp-json\/wp\/v2\/users\/2"}],"replies":[{"embeddable":true,"href":"https:\/\/www.sitescobas.es\/indra\/wp-json\/wp\/v2\/comments?post=1496"}],"version-history":[{"count":0,"href":"https:\/\/www.sitescobas.es\/indra\/wp-json\/wp\/v2\/posts\/1496\/revisions"}],"wp:attachment":[{"href":"https:\/\/www.sitescobas.es\/indra\/wp-json\/wp\/v2\/media?parent=1496"}],"wp:term":[{"taxonomy":"category","embeddable":true,"href":"https:\/\/www.sitescobas.es\/indra\/wp-json\/wp\/v2\/categories?post=1496"},{"taxonomy":"post_tag","embeddable":true,"href":"https:\/\/www.sitescobas.es\/indra\/wp-json\/wp\/v2\/tags?post=1496"}],"curies":[{"name":"wp","href":"https:\/\/api.w.org\/{rel}","templated":true}]}}