{"id":1445,"date":"2016-02-24T10:45:04","date_gmt":"2016-02-24T08:45:04","guid":{"rendered":"http:\/\/cobasindra.org\/?p=1445"},"modified":"2016-02-24T10:45:04","modified_gmt":"2016-02-24T08:45:04","slug":"indra-nos-lleva-a-ifema","status":"publish","type":"post","link":"https:\/\/www.sitescobas.es\/indra\/2016\/02\/24\/indra-nos-lleva-a-ifema\/","title":{"rendered":"Indra nos lleva a Ifema&#8230;."},"content":{"rendered":"<p>Estimados compa\u00f1eros,<\/p>\n<div id=\"yui_3_16_0_1_1456296129727_11169\">Como ya os dijimos hace unos d\u00edas, ayer martes <b>23 de febrero,<\/b> l@s compa\u00f1er@s de <i>Indra<\/i> (de <strong>CGT<\/strong> y <span style=\"color: #ff0000\"><strong>co.bas<\/strong><\/span>),\u00a0de la Plataforma Unificando las luchas, junto con otros tantos compa\u00f1eros solidarios, nos concentramos a las puertas del recinto ferial de IFEMA coincidiendo con la participaci\u00f3n de varios representantes de la empresa en el evento <i id=\"yui_3_16_0_1_1456296129727_11168\">(Semana del Seguro 2016 IFEMA &#8211; Debate profesional INDRA: Ha llegado el momento del ciberseguro).<\/i><\/div>\n<div id=\"yui_3_16_0_1_1456296129727_11167\">Lo hicimos para\u00a0<b>mostrar nuestro rechazo por el \u20acR\u20ac<\/b>\u00a0realizado,\u00a0<b>que afecta a 1.750<\/b>\u00a0trabajadoras\/es,\u00a0<b>por el mantenimiento del empleo<\/b>\u00a0en la empresa y<b>\u00a0por las pr\u00e1cticas antisindicales<\/b>\u00a0que est\u00e1 llevando a cabo.<\/div>\n<p>Os adjuntamos unas cuantas fotos del evento:<\/p>\n<div id=\"yui_3_16_0_1_1456296129727_11164\"><a href=\"http:\/\/cobasindra.org\/wp-content\/uploads\/2016\/02\/IMG_20160223_153101.jpg\" rel=\"attachment wp-att-1446\"><img loading=\"lazy\" decoding=\"async\" class=\" wp-image-1446 aligncenter\" src=\"http:\/\/cobasindra.org\/wp-content\/uploads\/2016\/02\/IMG_20160223_153101-300x225.jpg\" alt=\"IMG_20160223_153101\" width=\"644\" height=\"477\" \/><\/a><\/div>\n<div>\n<hr \/>\n<\/div>\n<div><a href=\"http:\/\/cobasindra.org\/wp-content\/uploads\/2016\/02\/IFEMA.jpg\" rel=\"attachment wp-att-1471\"><img loading=\"lazy\" decoding=\"async\" class=\" wp-image-1471 aligncenter\" src=\"http:\/\/cobasindra.org\/wp-content\/uploads\/2016\/02\/IFEMA-300x168.jpg\" alt=\"IFEMA\" width=\"649\" height=\"362\" \/><\/a><\/div>\n<div>\n<hr \/>\n<\/div>\n<div><a href=\"http:\/\/cobasindra.org\/wp-content\/uploads\/2016\/02\/IMG_20160223_153106.jpg\" rel=\"attachment wp-att-1447\"><img loading=\"lazy\" decoding=\"async\" class=\" wp-image-1447 aligncenter\" src=\"http:\/\/cobasindra.org\/wp-content\/uploads\/2016\/02\/IMG_20160223_153106-300x225.jpg\" alt=\"IMG_20160223_153106\" width=\"644\" height=\"491\" \/><\/a><\/div>\n<div>\n<hr \/>\n<\/div>\n<div><a href=\"http:\/\/cobasindra.org\/wp-content\/uploads\/2016\/02\/IMG_20160223_153110.jpg\" rel=\"attachment wp-att-1448\"><img loading=\"lazy\" decoding=\"async\" class=\" wp-image-1448 aligncenter\" src=\"http:\/\/cobasindra.org\/wp-content\/uploads\/2016\/02\/IMG_20160223_153110-300x225.jpg\" alt=\"IMG_20160223_153110\" width=\"644\" height=\"483\" \/><\/a><\/div>\n<div>\n<hr \/>\n<\/div>\n<div><a href=\"http:\/\/cobasindra.org\/wp-content\/uploads\/2016\/02\/IMG_20160223_153229.jpg\" rel=\"attachment wp-att-1449\"><img loading=\"lazy\" decoding=\"async\" class=\" wp-image-1449 aligncenter\" src=\"http:\/\/cobasindra.org\/wp-content\/uploads\/2016\/02\/IMG_20160223_153229-300x225.jpg\" alt=\"IMG_20160223_153229\" width=\"643\" height=\"496\" \/><\/a><\/div>\n<div><\/div>\n<div>\n<hr \/>\n<p><a href=\"http:\/\/cobasindra.org\/wp-content\/uploads\/2016\/02\/IMG_20160223_153456.jpg\" rel=\"attachment wp-att-1457\"><img loading=\"lazy\" decoding=\"async\" class=\" wp-image-1457 aligncenter\" src=\"http:\/\/cobasindra.org\/wp-content\/uploads\/2016\/02\/IMG_20160223_153456-300x225.jpg\" alt=\"IMG_20160223_153456\" width=\"654\" height=\"495\" \/><\/a><\/div>\n<div><\/div>\n<div>\n<hr \/>\n<p><a href=\"http:\/\/cobasindra.org\/wp-content\/uploads\/2016\/02\/IMG_20160223_153612.jpg\" rel=\"attachment wp-att-1462\"><img loading=\"lazy\" decoding=\"async\" class=\" wp-image-1462 aligncenter\" src=\"http:\/\/cobasindra.org\/wp-content\/uploads\/2016\/02\/IMG_20160223_153612-300x225.jpg\" alt=\"IMG_20160223_153612\" width=\"662\" height=\"499\" \/><\/a><\/div>\n<div><\/div>\n<div>\n<hr \/>\n<p><a href=\"http:\/\/cobasindra.org\/wp-content\/uploads\/2016\/02\/IMG_20160223_160702.jpg\" rel=\"attachment wp-att-1463\"><img loading=\"lazy\" decoding=\"async\" class=\" wp-image-1463 aligncenter\" src=\"http:\/\/cobasindra.org\/wp-content\/uploads\/2016\/02\/IMG_20160223_160702-300x225.jpg\" alt=\"IMG_20160223_160702\" width=\"668\" height=\"503\" \/><\/a><\/div>\n<div><\/div>\n<h1 style=\"text-align: center\"><span style=\"color: #6547de\"> NO AL \u20acR\u20ac EN INDRA<\/span><\/h1>\n<h2 style=\"text-align: center\"><span style=\"color: #ff0000\">SEGUIREMOS INFORMANDO\/PROTESTANDO\/CONCENTRANDO&#8230;.<\/span><\/h2>\n","protected":false},"excerpt":{"rendered":"<div class=\"mh-excerpt\">Estimados compa\u00f1eros, Como ya os dijimos hace unos d\u00edas, ayer martes 23 de febrero, l@s compa\u00f1er@s de Indra (de CGT y co.bas),\u00a0de la Plataforma Unificando las luchas, junto con otros tantos compa\u00f1eros solidarios, nos concentramos <a class=\"mh-excerpt-more\" href=\"https:\/\/www.sitescobas.es\/indra\/2016\/02\/24\/indra-nos-lleva-a-ifema\/\" title=\"Indra nos lleva a Ifema&#8230;.\">[&#8230;]<\/a><\/div>\n","protected":false},"author":2,"featured_media":1468,"comment_status":"open","ping_status":"closed","sticky":false,"template":"","format":"standard","meta":{"_kadence_starter_templates_imported_post":false,"footnotes":""},"categories":[13],"tags":[32,45,27,26],"class_list":{"0":"post-1445","1":"post","2":"type-post","3":"status-publish","4":"format-standard","5":"has-post-thumbnail","7":"category-cobas-indra","8":"tag-despidos","9":"tag-ere-en-indra","10":"tag-protesta","11":"tag-sindicatos"},"_links":{"self":[{"href":"https:\/\/www.sitescobas.es\/indra\/wp-json\/wp\/v2\/posts\/1445","targetHints":{"allow":["GET"]}}],"collection":[{"href":"https:\/\/www.sitescobas.es\/indra\/wp-json\/wp\/v2\/posts"}],"about":[{"href":"https:\/\/www.sitescobas.es\/indra\/wp-json\/wp\/v2\/types\/post"}],"author":[{"embeddable":true,"href":"https:\/\/www.sitescobas.es\/indra\/wp-json\/wp\/v2\/users\/2"}],"replies":[{"embeddable":true,"href":"https:\/\/www.sitescobas.es\/indra\/wp-json\/wp\/v2\/comments?post=1445"}],"version-history":[{"count":0,"href":"https:\/\/www.sitescobas.es\/indra\/wp-json\/wp\/v2\/posts\/1445\/revisions"}],"wp:featuredmedia":[{"embeddable":true,"href":"https:\/\/www.sitescobas.es\/indra\/wp-json\/"}],"wp:attachment":[{"href":"https:\/\/www.sitescobas.es\/indra\/wp-json\/wp\/v2\/media?parent=1445"}],"wp:term":[{"taxonomy":"category","embeddable":true,"href":"https:\/\/www.sitescobas.es\/indra\/wp-json\/wp\/v2\/categories?post=1445"},{"taxonomy":"post_tag","embeddable":true,"href":"https:\/\/www.sitescobas.es\/indra\/wp-json\/wp\/v2\/tags?post=1445"}],"curies":[{"name":"wp","href":"https:\/\/api.w.org\/{rel}","templated":true}]}}