{"id":14,"date":"2014-06-23T15:49:00","date_gmt":"2014-06-23T15:49:00","guid":{"rendered":"http:\/\/pruebas.cobasindra.org\/?p=14"},"modified":"2014-06-23T15:49:00","modified_gmt":"2014-06-23T15:49:00","slug":"concentracion-co-bas-junta-general-de-accionistas-2014","status":"publish","type":"post","link":"https:\/\/www.sitescobas.es\/indra\/2014\/06\/23\/concentracion-co-bas-junta-general-de-accionistas-2014\/","title":{"rendered":"Concentraci\u00f3n Co.Bas Junta General de Accionistas 2014"},"content":{"rendered":"<div style=\"clear: both;text-align: center\"><a href=\"http:\/\/cobasindra.org\/wp-content\/uploads\/2014\/06\/Pancarta_Indra_web.jpg\" style=\"margin-left: 1em;margin-right: 1em\"><img loading=\"lazy\" decoding=\"async\" border=\"0\" src=\"http:\/\/cobasindra.org\/wp-content\/uploads\/2014\/06\/Pancarta_Indra_web-300x110.jpg\" height=\"200\" width=\"550\" \/><\/a><\/div>\n<p><\/p>\n<fieldset>\n<div style=\"text-align: justify\">\n<div align=\"center\" style=\"text-align: center\"><b><span style=\"font-size: 20.0pt\">\u00a1POR EL EMPLEO Y EL PODER ADQUISITIVO!<\/span><\/b><\/div>\n<div align=\"center\" style=\"text-align: center\"><b><span style=\"font-size: 20.0pt\"><br \/><\/span><\/b><b><span style=\"font-size: 20.0pt\">CONCENTRACI\u00d3N de 12:00 a 14:00h<\/span><\/b><\/div>\n<div align=\"center\" style=\"text-align: center\"><b><span style=\"font-size: 20.0pt\">El jueves 26 de Junio<\/span><\/b><\/div>\n<div align=\"center\" style=\"text-align: center\"><b><span style=\"font-size: 20.0pt\">Puerta Principal de Arroyo de la Vega<\/span><\/b><\/div>\n<div align=\"center\" style=\"text-align: center\"><\/div>\n<div style=\"margin-bottom: 12pt\"><span style=\"font-size: 16.0pt\">Los representantes sindicales de <b>Co.Bas<\/b> nos vamos a manifestar en la puerta de la empresa durante la Junta de Accionistas y vamos a hablar en dicha Junta para protestar por la negativa de la empresa a la apertura de una <b>Mesa de Negociaci\u00f3n por el Mantenimiento de Empleo y el Mantenimiento del Poder Adquisitivo<\/b>.<\/span><\/div>\n<div><span style=\"font-size: 16.0pt\">La empresa sigue despidiendo compa\u00f1eros sin informar debidamente a sus representantes, cometiendo un gran perjuicio al trabajador despedido por limitar sus derechos e impedir cualquier posible acci\u00f3n.<\/span><\/div>\n<div><span style=\"font-size: 16.0pt\">De <b>13:30 <\/b>a<b> 14:00<\/b> puedes apoyar con tu presencia esta concentraci\u00f3n.<\/span><\/div>\n<div><\/div>\n<div align=\"center\" style=\"text-align: center\"><b><span style=\"font-size: 20.0pt\">\u00a1\u00daNETE A LA CONCENTRACI\u00d3N!&nbsp;<\/span><\/b><br \/><b><span style=\"font-size: 20.0pt\">\u00a1SAL A LA CALLE!<\/span><\/b><\/div>\n<div align=\"center\" style=\"text-align: center\"><b><span style=\"font-size: 16.0pt\">&nbsp;&nbsp; \u00a1POR UN PLAN DE MANTENIMIENTO DE EMPLEO!<\/span><\/b><\/div>\n<p><\/p>\n<div align=\"center\" style=\"text-align: center\"><b><span style=\"font-size: 14.0pt\">Co.Bas en Arroyo de la Vega.<\/span><\/b><\/div>\n<\/div>\n<\/fieldset>\n<p><\/p>\n<fieldset>\n<legend><b>Orden del d\u00eda<\/b><\/legend>\n<p><\/p>\n<div style=\"text-align: justify\">Puedes consultar el orden del d\u00eda en este enlace:&nbsp; <br \/><a href=\"http:\/\/www.indracompany.com\/sites\/default\/files\/indra-anuncio-de-convocatoria-jga-2014_0.pdf\" target=\"_blank\" rel=\"noopener noreferrer\">http:\/\/www.indracompany.com\/sites\/default\/files\/indra-anuncio-de-convocatoria-jga-2014_0.pdf<\/a><\/p>\n<p>Adem\u00e1s de los asuntos habituales de juntas anteriores, aprobaci\u00f3n de cuentas anuales, informe de gesti\u00f3n, retribuciones de directivos, reelecci\u00f3n de consejeros, este a\u00f1o tenemos el nombramiento de:<br \/><u>D. Juan Carlos Aparicio P\u00e9rez<\/u>, ex&nbsp;<span style=\"font-family: Georgia, Utopia, 'Palatino Linotype', Palatino, serif;font-size: 13px;line-height: 18.479999542236328px\">Secretario de Estado de la Seguridad Social, ex&nbsp;<\/span><b style=\"font-family: Georgia, Utopia, 'Palatino Linotype', Palatino, serif;font-size: 13px;line-height: 18.479999542236328px\">Ministro de Trabajo y Asuntos Sociales, ex senador,&nbsp;<\/b>&nbsp;con la condici\u00f3n de consejero dominical.<br \/><u>D. Adolfo Men\u00e9ndez Men\u00e9ndez<\/u>, <b>ex&nbsp;<\/b><span style=\"font-family: Georgia, Utopia, 'Palatino Linotype', Palatino, serif;font-size: 13px;line-height: 18.479999542236328px\"><b>subsecretario de Defensa y Fomento<\/b>,<\/span>&nbsp;con la condici\u00f3n de consejero dominical.<\/p>\n<p>Una vez m\u00e1s la constataci\u00f3n de la <i>puerta giratoria <\/i>entre pol\u00edticos, gobernantes y consejeros.<\/p>\n<h3 style=\"background-color: #f3f3f3;color: #222222;font-family: Georgia, Utopia, 'Palatino Linotype', Palatino, serif;font-size: 22px;font-weight: normal;margin: 0.75em 0px 0px;text-align: start\"><a href=\"http:\/\/pruebas.cobasindra.org\/?p=54\" style=\"color: #1d6300;text-decoration: none\">\u00a1Ya est\u00e1n aqu\u00ed!!!<\/a><\/h3>\n<div>\n<h3 style=\"background-color: #f3f3f3;color: #222222;font-family: Georgia, Utopia, 'Palatino Linotype', Palatino, serif;font-size: 22px;font-weight: normal;margin: 0.75em 0px 0px;text-align: start\"><a href=\"http:\/\/pruebas.cobasindra.org\/?p=59\" style=\"color: #1d6300;text-decoration: none\">El Estado vende al Estado el 20% de las acciones de INDRA<\/a><\/h3>\n<\/div>\n<div><\/div>\n<\/div>\n<\/fieldset>\n<p><\/p>\n","protected":false},"excerpt":{"rendered":"<div class=\"mh-excerpt\">\u00a1POR EL EMPLEO Y EL PODER ADQUISITIVO! CONCENTRACI\u00d3N de 12:00 a 14:00h El jueves 26 de Junio Puerta Principal de Arroyo de la Vega Los representantes sindicales de Co.Bas nos vamos a manifestar en la <a class=\"mh-excerpt-more\" href=\"https:\/\/www.sitescobas.es\/indra\/2014\/06\/23\/concentracion-co-bas-junta-general-de-accionistas-2014\/\" title=\"Concentraci\u00f3n Co.Bas Junta General de Accionistas 2014\">[&#8230;]<\/a><\/div>\n","protected":false},"author":2,"featured_media":140,"comment_status":"open","ping_status":"closed","sticky":false,"template":"","format":"standard","meta":{"_kadence_starter_templates_imported_post":false,"footnotes":""},"categories":[13],"tags":[36,27],"class_list":{"0":"post-14","1":"post","2":"type-post","3":"status-publish","4":"format-standard","5":"has-post-thumbnail","7":"category-cobas-indra","8":"tag-junta-accionistas","9":"tag-protesta"},"_links":{"self":[{"href":"https:\/\/www.sitescobas.es\/indra\/wp-json\/wp\/v2\/posts\/14","targetHints":{"allow":["GET"]}}],"collection":[{"href":"https:\/\/www.sitescobas.es\/indra\/wp-json\/wp\/v2\/posts"}],"about":[{"href":"https:\/\/www.sitescobas.es\/indra\/wp-json\/wp\/v2\/types\/post"}],"author":[{"embeddable":true,"href":"https:\/\/www.sitescobas.es\/indra\/wp-json\/wp\/v2\/users\/2"}],"replies":[{"embeddable":true,"href":"https:\/\/www.sitescobas.es\/indra\/wp-json\/wp\/v2\/comments?post=14"}],"version-history":[{"count":0,"href":"https:\/\/www.sitescobas.es\/indra\/wp-json\/wp\/v2\/posts\/14\/revisions"}],"wp:featuredmedia":[{"embeddable":true,"href":"https:\/\/www.sitescobas.es\/indra\/wp-json\/"}],"wp:attachment":[{"href":"https:\/\/www.sitescobas.es\/indra\/wp-json\/wp\/v2\/media?parent=14"}],"wp:term":[{"taxonomy":"category","embeddable":true,"href":"https:\/\/www.sitescobas.es\/indra\/wp-json\/wp\/v2\/categories?post=14"},{"taxonomy":"post_tag","embeddable":true,"href":"https:\/\/www.sitescobas.es\/indra\/wp-json\/wp\/v2\/tags?post=14"}],"curies":[{"name":"wp","href":"https:\/\/api.w.org\/{rel}","templated":true}]}}