{"id":1375,"date":"2016-02-10T12:50:31","date_gmt":"2016-02-10T10:50:31","guid":{"rendered":"http:\/\/cobasindra.org\/?p=1375"},"modified":"2016-02-10T12:50:31","modified_gmt":"2016-02-10T10:50:31","slug":"comunicado-la-empresa-ha-bloqueado-los-envios-a-co-bas","status":"publish","type":"post","link":"https:\/\/www.sitescobas.es\/indra\/2016\/02\/10\/comunicado-la-empresa-ha-bloqueado-los-envios-a-co-bas\/","title":{"rendered":"Comunicado: La Empresa ha Bloqueado los Env\u00edos a Co.Bas"},"content":{"rendered":"<h4 style=\"text-align: justify\"><span style=\"color: #ff0000\">LA EMPRESA HA BLOQUEADO A CO.BAS LOS ENV\u00cdOS POR CORREO A LA PLANTILLA AS\u00cd COMO LOS CORREOS INDIVIDUALES DE ATENCI\u00d3N A LAS CONSULTAS QUE NOS ENVI\u00c1IS. ESPERAMOS QUE VUELVAN AL SIGLO XXI, AUNQUE LO VAMOS A DENUNCIAR AL CONSIDERARLO UNA VULNERACI\u00d3N GRAVE DE NUESTROS\/VUESTROS DERECHOS. MIENTRAS TANTO, REPARTIREMOS EN MANO PERO SI QUIERES ESTAR INFORMADO ENTRA EN NUESTRAS WEB <span style=\"color: #0000ff\"><a style=\"color: #0000ff\" href=\"http:\/\/cobasindra.org\/\" target=\"_blank\" rel=\"noopener noreferrer\">http:\/\/cobasindra.org\/<\/a><\/span> (Consultor\u00eda) y <a href=\"http:\/\/hoysalgoamihora.blogspot.com.es\/\" target=\"_blank\" rel=\"noopener noreferrer\"><span style=\"color: #0000ff\">http:\/\/hoysalgoamihora.blogspot.com.es\/<\/span><\/a> (Metal)<\/span><\/h4>\n<p><strong>\u00a0<\/strong><\/p>\n<h4><strong><u>RECURSO INTERPUESTO a la sentencia de la Audiencia Nacional<\/u><\/strong><\/h4>\n<p><strong>\u00a0<\/strong>En esta semana <span style=\"color: #ff0000\"><strong>co.bas<\/strong><\/span><strong> ha presentado el recurso de casaci\u00f3n<\/strong> ante el Tribunal Supremo a la sentencia de la Audiencia Nacional contra el ERE de Indra Sistemas S.A. Es importante que los afectados por el ERE que consider\u00e9is <strong>demandar de forma individual<\/strong> teng\u00e1is en cuenta que hay <strong>un plazo de 20 d\u00edas<\/strong> a partir de que la sentencia colectiva se considere firme.<\/p>\n<h4><strong><u>Seguimiento del ERE<\/u><\/strong><\/h4>\n<p>A mediados de septiembre de 2015 se produjo el primero de los 1750 despidos previstos en este ERE. <strong>Han pasado m\u00e1s de 4 meses<\/strong> y varias reuniones de la Comisi\u00f3n de seguimiento del ERE y <strong>todav\u00eda no ha habido una informaci\u00f3n oficial<\/strong> <strong>desde<\/strong> <strong>dicha Comisi\u00f3n o desde RRLL<\/strong> para que TODOS estemos informados.<\/p>\n<p>Para poderos asesorar, desde <span style=\"color: #ff0000\"><strong>co.bas<\/strong><\/span> solicitamos a RRLL, el pasado 24 de septiembre, informaci\u00f3n de seguimiento del ERE y las actas de las reuniones de la Comisi\u00f3n de Seguimiento, pero RRLL nos dice textualmente:<\/p>\n<p><span style=\"color: #3366ff\"><em>\u00a0\u201cEn relaci\u00f3n con las comunicaciones de 17 y 23 de septiembre, respectivamente, que acompa\u00f1o al presente mail y de las que acuso recibo en las que se solicita que se faciliten las actas de la reuni\u00f3n de la Comisi\u00f3n de Seguimiento del acuerdo colectivo de 4 de agosto de 2015 y el n\u00famero de adscripciones voluntarias a las medidas reguladas en dicho acuerdo, lamento no poder atender esta solicitud por cuanto que, trat\u00e1ndose de la aplicaci\u00f3n y cumplimiento del acuerdo de 4 de agosto de 2015, y no siendo ese sindicato firmante del mismo, cualquier informaci\u00f3n y documentaci\u00f3n resultante corresponde a la propia Comisi\u00f3n de Seguimiento.\u00bb<\/em><\/span><\/p>\n<p>El 1 de Octubre pusimos <strong>denuncia en Inspecci\u00f3n de Trabajo<\/strong> por este motivo.<\/p>\n<p>Por tanto, lamentable la actitud de RRLL que, durante el periodo de consultas del ERE, despu\u00e9s de cada reuni\u00f3n \u201ccorr\u00eda\u201d para informar a todos los trabajadores del resultado de las mismas con sesgadas interpretaciones, antes de que nos diese tiempo a los sindicatos de la mesa a elaborar nuestros comunicados conjuntos, y ahora se mantiene absolutamente callada, <strong>silencio absoluto<\/strong>.<\/p>\n<p>Tambi\u00e9n <strong>\u201cechamos de menos\u201d alg\u00fan comunicado conjunto de los sindicatos de la mesa, <\/strong>quiz\u00e1s nos lo deben a todos los trabajadores despu\u00e9s de 4 meses de aplicaci\u00f3n de los despidos.<\/p>\n<p>S\u00f3lo disponemos de informaciones por separado desde algunos de los sindicatos de la mesa con interpretaciones particulares de lo acontecido en las reuniones de seguimiento y en algunos casos con variaciones de cifras de unos a otros.<\/p>\n<p>Y de estas informaciones hay cosas que nos plantean dudas y mucha inquietud como:<\/p>\n<h4 style=\"text-align: justify;padding-left: 30px\"><strong>\u00a0\u00bfVULNERACI\u00d3N DE LAS MEDIDAS DE PROTECCI\u00d3N?<\/strong><\/h4>\n<p style=\"padding-left: 30px\">De las informaciones sesgadas de alg\u00fan sindicato firmante del Acuerdo, d\u00f3nde no sabemos la certeza completa de la informaci\u00f3n difundida ya que de forma oficial no se informa, nos parece <strong>lamentable que se pueda vulnerar una de las medidas de protecci\u00f3n<\/strong>. Es incre\u00edble que se publique que se podr\u00eda ampliar el ratio de los 150 en este ERE para el colectivo de trabajadores de edad entre los 50 -56 a\u00f1os.<\/p>\n<h4><strong><u>Delegados de <\/u><\/strong><span style=\"color: #ff0000\"><strong><em><u>co.bas<\/u><\/em><\/strong><\/span><strong><u> destituidos de sus funciones sindicales<\/u><\/strong><\/h4>\n<p><strong>\u00a0<span style=\"color: #ff0000\">co.bas <\/span><\/strong>no est\u00e1 conforme con la pol\u00edtica oscura y absolutamente opaca de RRLL en los procesos que afectan a los trabajadores (Evaluaciones, PSI, Focus\u2026) ya que son subjetivos, arbitrarios e injustos y adem\u00e1s, como se ha podido comprobar en este ERE, de finalidades perversas. Ahora igualmente con la gesti\u00f3n de la aplicaci\u00f3n del ERE.<\/p>\n<p>Parece que <strong>exigir transparencia e informaci\u00f3n hacia los trabajadores es algo que no gusta<\/strong> y, como ya viene siendo habitual por la direcci\u00f3n de RRLL de esta compa\u00f1\u00eda, utilizan \u201cagujeros de la ley\u201d para reducir la representaci\u00f3n sindical de <strong><span style=\"color: #ff0000\">co.bas<\/span> <\/strong>por algo tan simple como defender los derechos de los trabajadores. Ya lo hizo cuando <span style=\"color: #ff0000\"><strong>co.bas <\/strong><\/span>apareci\u00f3 en Indra hace 4 a\u00f1os con la excusa organizativa del MEG (Modelo de Entrega Global \u201cGDM\u201d) y ahora <strong>lo repite arguyendo medidas de \u201cahorro econ\u00f3mico\u201d.<\/strong> Total que de momento aprovechando un traslado de centro desde Anabel Segura a Arroyo, se ha cargado de un plumazo a 3 delegados de <span style=\"color: #ff0000\"><strong>co.bas<\/strong><\/span>.<\/p>\n<p>Por fortuna, desde hace 4 a\u00f1os, nuestro empe\u00f1o por defender a los trabajadores ha hecho que sigamos creciendo y recibiendo el apoyo de muchos trabajadores de Indra Sistemas.<\/p>\n<p>En este sentido estamos felices de haber constituido ya la <strong>Secci\u00f3n Sindical de<\/strong> <span style=\"color: #ff0000\"><strong><em>co.bas<\/em><\/strong><\/span> en <strong>Indra Software Labs<\/strong> del centro de Juli\u00e1n Camarillo.<\/p>\n<h4><strong><u>Sobre Indra Digital<\/u><\/strong><\/h4>\n<p>Nos hemos dirigido a la empresa, desde co.bas, para solicitarles informaci\u00f3n sobre los motivos de la creaci\u00f3n de esta unidad que llaman Indra Digital aunque pueda no ser el nombre definitivo de la misma o de c\u00f3mo evolucione, qu\u00e9 consecuencias tienen para los trabajadores adscritos a ella y qu\u00e9 medidas tienen previstas para los trabajadores y trabajadoras.<\/p>\n<p>El motivo es que la crearon a mediados del a\u00f1o pasado y no ha habido ning\u00fan despliegue organizativo de elementos materiales, ni inmateriales ni personales que le d\u00e9 sentido a esta nueva divisi\u00f3n que no tiene autonom\u00eda funcional, ni cohesi\u00f3n, ni independencia con el resto de la organizaci\u00f3n, y ni aptitud ni autonom\u00eda productiva. Solamente marketing interno\u2026y parece que en breve comienza el externo.<\/p>\n<p>Mucho nos tememos que la afectaci\u00f3n m\u00e1s que a los compa\u00f1eros y compa\u00f1eras que han sido adscritos a la misma, y que ni siquiera ellos mismos saben con qu\u00e9 criterio ni se les ha informado del cambio, va a ser a los trabajadores que estamos en los CDGs (Centros de Desarrollo Global), Software Labs y con actividades de BPO. Estamos convencidos de que no va a ser nada \u201catractivo\u201d y que nos van a llevar al Matadero con los \u201cgrandes\u201d de las empresas a los que prestamos servicio.<\/p>\n<p>&nbsp;<\/p>\n<p><a href=\"http:\/\/cobasindra.org\/wp-content\/uploads\/2015\/07\/StopERE.png\" rel=\"attachment wp-att-858\"><img loading=\"lazy\" decoding=\"async\" class=\" wp-image-858 aligncenter\" src=\"http:\/\/cobasindra.org\/wp-content\/uploads\/2015\/07\/StopERE.png\" alt=\"StopERE\" width=\"355\" height=\"355\" \/><\/a><\/p>\n","protected":false},"excerpt":{"rendered":"<div class=\"mh-excerpt\">LA EMPRESA HA BLOQUEADO A CO.BAS LOS ENV\u00cdOS POR CORREO A LA PLANTILLA AS\u00cd COMO LOS CORREOS INDIVIDUALES DE ATENCI\u00d3N A LAS CONSULTAS QUE NOS ENVI\u00c1IS. ESPERAMOS QUE VUELVAN AL SIGLO XXI, AUNQUE LO VAMOS <a class=\"mh-excerpt-more\" href=\"https:\/\/www.sitescobas.es\/indra\/2016\/02\/10\/comunicado-la-empresa-ha-bloqueado-los-envios-a-co-bas\/\" title=\"Comunicado: La Empresa ha Bloqueado los Env\u00edos a Co.Bas\">[&#8230;]<\/a><\/div>\n","protected":false},"author":2,"featured_media":0,"comment_status":"open","ping_status":"closed","sticky":false,"template":"","format":"standard","meta":{"_kadence_starter_templates_imported_post":false,"footnotes":""},"categories":[13],"tags":[48,32,45,26],"class_list":{"0":"post-1375","1":"post","2":"type-post","3":"status-publish","4":"format-standard","6":"category-cobas-indra","7":"tag-denuncias-indra","8":"tag-despidos","9":"tag-ere-en-indra","10":"tag-sindicatos"},"_links":{"self":[{"href":"https:\/\/www.sitescobas.es\/indra\/wp-json\/wp\/v2\/posts\/1375","targetHints":{"allow":["GET"]}}],"collection":[{"href":"https:\/\/www.sitescobas.es\/indra\/wp-json\/wp\/v2\/posts"}],"about":[{"href":"https:\/\/www.sitescobas.es\/indra\/wp-json\/wp\/v2\/types\/post"}],"author":[{"embeddable":true,"href":"https:\/\/www.sitescobas.es\/indra\/wp-json\/wp\/v2\/users\/2"}],"replies":[{"embeddable":true,"href":"https:\/\/www.sitescobas.es\/indra\/wp-json\/wp\/v2\/comments?post=1375"}],"version-history":[{"count":0,"href":"https:\/\/www.sitescobas.es\/indra\/wp-json\/wp\/v2\/posts\/1375\/revisions"}],"wp:attachment":[{"href":"https:\/\/www.sitescobas.es\/indra\/wp-json\/wp\/v2\/media?parent=1375"}],"wp:term":[{"taxonomy":"category","embeddable":true,"href":"https:\/\/www.sitescobas.es\/indra\/wp-json\/wp\/v2\/categories?post=1375"},{"taxonomy":"post_tag","embeddable":true,"href":"https:\/\/www.sitescobas.es\/indra\/wp-json\/wp\/v2\/tags?post=1375"}],"curies":[{"name":"wp","href":"https:\/\/api.w.org\/{rel}","templated":true}]}}