{"id":1347,"date":"2016-01-25T15:12:57","date_gmt":"2016-01-25T13:12:57","guid":{"rendered":"http:\/\/cobasindra.org\/?p=1347"},"modified":"2016-01-25T15:12:57","modified_gmt":"2016-01-25T13:12:57","slug":"1347","status":"publish","type":"post","link":"https:\/\/www.sitescobas.es\/indra\/2016\/01\/25\/1347\/","title":{"rendered":"\u00a1Abajo la Reforma Laboral!"},"content":{"rendered":"<h3 style=\"text-align: left\"><strong><a href=\"http:\/\/cobasindra.org\/wp-content\/uploads\/2015\/07\/cobas.png\" rel=\"attachment wp-att-759\"><img loading=\"lazy\" decoding=\"async\" class=\" wp-image-759 alignleft\" src=\"http:\/\/cobasindra.org\/wp-content\/uploads\/2015\/07\/cobas.png\" alt=\"co.bas\" width=\"152\" height=\"123\" \/><\/a>VENGA QUIEN VENGA<\/strong><\/h3>\n<h3 style=\"text-align: left\"><strong>RECUPERAR LA MOVILIZACI\u00d3N POR EL PAN, EL TRABAJO Y EL TECHO<\/strong><\/h3>\n<h1 style=\"text-align: center\"><strong>\u00a1Abajo la reforma laboral!<\/strong><\/h1>\n<p>Las recientes Elecciones Generales han supuesto, en primer lugar\u00a0 un serio varapalo del partido del Gobierno, el de los recortes, la Reforma Laboral, el rescate de los banqueros y la corrupci\u00f3n. Y eso para los trabajadores\/as es una buena noticia. Ha sido la expresi\u00f3n electoral de lo que tantas veces hemos reclamado desde las calles: \u00a1Que se vayan!\u00a0 En esta ocasi\u00f3n los recortes han sido para Rajoy que perdieron m\u00e1s de 3,6 millones de votos y 63 diputados.<\/p>\n<p>El nuevo Parlamento nace pues marcado por la ausencia de mayor\u00edas absolutas y con una \u00a0dif\u00edcil gobernabilidad. Cualquiera que sea el Gobierno que se conforme no dispondr\u00e1 del rodillo con el que cont\u00f3 el PP para gobernar por decreto.<\/p>\n<p>Asistimos a una presi\u00f3n medi\u00e1tica acerca de los pactos y las c\u00e1balas necesarias para conformar Gobierno. Mientras tanto la vida cotidiana prosigue y para los trabajadores\/as las cuentas siguen siendo otras: poder llegar a final de mes, tener trabajo, que no nos desahucien de nuestra casa, afrontar los Eres, Ertes y despidos, defender la sanidad y la educaci\u00f3n p\u00fablicas\u2026<\/p>\n<p>Quien manda, la UE y la Troika, exigen que se conforme ya un nuevo Gobierno, para aplicar el recorte de m\u00e1s de 9.000 millones de euros, para proseguir con m\u00e1s \u201creformas estructurales\u201d.<\/p>\n<p>No podemos pues depositar confianza alguna en el gobierno que surja de la actual aritm\u00e9tica parlamentaria porque mientras no comience por derogar las reformas laborales y enfrentar a\u00a0 la Troika no ser\u00e1 m\u00e1s que un Gobierno al servicio de los de siempre.<\/p>\n<p>Nuestra lucha, antes, durante y despu\u00e9s de las elecciones sigue siendo la misma: queremos Pan, trabajo y techo, queremos la derogaci\u00f3n de las reformas laborales para poner fin a los despidos, Eres, Ertes y salarios de miseria. Queremos recuperar el derecho a la negociaci\u00f3n colectiva para que los convenios dejen de ser un mecanismo de recortes.<\/p>\n<p>Que el nuevo Gobierno que surja sea m\u00e1s d\u00e9bil que el anterior, nos brinda la posibilidad de echar abajo las reformas laborales, de lograr las demandas por las que llevamos a\u00f1os luchando, pero <strong>solo a condici\u00f3n de recuperar el camino de la movilizaci\u00f3n<\/strong>, de volver a salir a la calle.<\/p>\n<p>La obligaci\u00f3n de un sindicato obrero no es garantizar \u201c<em>la Gobernabilidad del pa\u00eds\u201d, <\/em>sino la defensa intransigente de la clase obrera.<\/p>\n<p>Por eso llamamos a todos los trabajadores\/as, a todas las organizaciones sindicales, a redoblar esfuerzos para retomar el camino de la lucha, de la movilizaci\u00f3n, de la calle. El apoyo a las actuales luchas en curso (Coca Cola, Tragsatec, Vodafone\u2026), por la municipalizaci\u00f3n de todos los servicios p\u00fablicos, debe ser la tarea m\u00e1s importante. Las movilizaciones que se anuncian para Febrero, las Marchas por la Dignidad, deben ser los pasos m\u00e1s inmediatos.<\/p>\n<p>Los Comit\u00e9s de Empresa y las organizaciones sindicales deben alentar este debate y el llamamiento a la lucha en los centros de trabajo.<\/p>\n<p>El 2016 tiene que ser un a\u00f1o de lucha,\u00a0 salir a la calle con nuestras ya viejas pancartas de <strong>Pan, Trabajo, Techo y Dignidad.<\/strong><\/p>\n<p style=\"text-align: center\"><strong>\u00a1NI CIEN, NI UN D\u00cdA DE TREGUA A CUALQUIER GOBIERNO QUE SALGA!<\/strong><\/p>\n<p style=\"text-align: center\"><strong>\u00a1LOS TRABAJADORES\/AS NO PODEMOS SEGUIR ESPERANDO!<\/strong><\/p>\n<p style=\"text-align: right\"><strong>\u00a0<\/strong><span style=\"color: #ff0000\"><strong>Comisi\u00f3n Intersectorial de Cobas Madrid<\/strong><\/span><\/p>\n<p style=\"text-align: right\"><strong>\u00a0<\/strong>23 de Enero de 2016<\/p>\n","protected":false},"excerpt":{"rendered":"<div class=\"mh-excerpt\">VENGA QUIEN VENGA RECUPERAR LA MOVILIZACI\u00d3N POR EL PAN, EL TRABAJO Y EL TECHO \u00a1Abajo la reforma laboral! Las recientes Elecciones Generales han supuesto, en primer lugar\u00a0 un serio varapalo del partido del Gobierno, el <a class=\"mh-excerpt-more\" href=\"https:\/\/www.sitescobas.es\/indra\/2016\/01\/25\/1347\/\" title=\"\u00a1Abajo la Reforma Laboral!\">[&#8230;]<\/a><\/div>\n","protected":false},"author":2,"featured_media":0,"comment_status":"open","ping_status":"closed","sticky":false,"template":"","format":"standard","meta":{"_kadence_starter_templates_imported_post":false,"footnotes":""},"categories":[13,29],"tags":[32,27,26],"class_list":{"0":"post-1347","1":"post","2":"type-post","3":"status-publish","4":"format-standard","6":"category-cobas-indra","7":"category-sociedad","8":"tag-despidos","9":"tag-protesta","10":"tag-sindicatos"},"_links":{"self":[{"href":"https:\/\/www.sitescobas.es\/indra\/wp-json\/wp\/v2\/posts\/1347","targetHints":{"allow":["GET"]}}],"collection":[{"href":"https:\/\/www.sitescobas.es\/indra\/wp-json\/wp\/v2\/posts"}],"about":[{"href":"https:\/\/www.sitescobas.es\/indra\/wp-json\/wp\/v2\/types\/post"}],"author":[{"embeddable":true,"href":"https:\/\/www.sitescobas.es\/indra\/wp-json\/wp\/v2\/users\/2"}],"replies":[{"embeddable":true,"href":"https:\/\/www.sitescobas.es\/indra\/wp-json\/wp\/v2\/comments?post=1347"}],"version-history":[{"count":0,"href":"https:\/\/www.sitescobas.es\/indra\/wp-json\/wp\/v2\/posts\/1347\/revisions"}],"wp:attachment":[{"href":"https:\/\/www.sitescobas.es\/indra\/wp-json\/wp\/v2\/media?parent=1347"}],"wp:term":[{"taxonomy":"category","embeddable":true,"href":"https:\/\/www.sitescobas.es\/indra\/wp-json\/wp\/v2\/categories?post=1347"},{"taxonomy":"post_tag","embeddable":true,"href":"https:\/\/www.sitescobas.es\/indra\/wp-json\/wp\/v2\/tags?post=1347"}],"curies":[{"name":"wp","href":"https:\/\/api.w.org\/{rel}","templated":true}]}}