{"id":1230,"date":"2015-11-25T12:57:54","date_gmt":"2015-11-25T10:57:54","guid":{"rendered":"http:\/\/cobasindra.org\/?p=1230"},"modified":"2015-11-25T12:57:54","modified_gmt":"2015-11-25T10:57:54","slug":"dia-internacional-eliminacion-de-la-violencia-contra-la-mujer","status":"publish","type":"post","link":"https:\/\/www.sitescobas.es\/indra\/2015\/11\/25\/dia-internacional-eliminacion-de-la-violencia-contra-la-mujer\/","title":{"rendered":"D\u00eda Internacional Eliminaci\u00f3n de la Violencia contra la Mujer"},"content":{"rendered":"<h3 class=\"itemTitle\" style=\"text-align: center\"><span style=\"color: #ff0000\"><strong>25N D\u00eda Internacional de la Eliminaci\u00f3n de la Violencia contra la Mujer<\/strong><\/span><\/h3>\n<h1 style=\"text-align: center\"><strong>COMBATIENDO LA VIOLENCIA MACHISTA<\/strong><\/h1>\n<p style=\"text-align: center\"><span style=\"color: #008000\"><strong>+RECURSOS<\/strong><\/span><\/p>\n<p style=\"text-align: center\"><span style=\"color: #ff0000\"><strong>-RECORTES<\/strong><\/span><\/p>\n<p>Llevamos un a\u00f1o terrible por violencia machista. El machismo, una ideolog\u00eda que solo sirve para mantener y beneficiar a unos pocos, esos que quieren defender a toda costa sus privilegios y sus multimillonarios beneficios. Hablamos de las multinacionales, de los bancos, de los gobiernos que garantizan su existencia a costa de alimentar opresiones y discriminaciones, las mejores herramientas para sobreexplotar a\u00fan m\u00e1s a los sectores m\u00e1s golpeados, como somos las mujeres trabajadoras o la juventud, as\u00ed como para debilitar y dividir al conjunto de nuestra clase.<\/p>\n<p>La violencia machista no es solo una conducta individual, sino que se perpet\u00faa a trav\u00e9s de instituciones como la iglesia, la escuela, la familia o con pol\u00edticas y medidas como las aprobadas por los gobiernos que nos est\u00e1n haciendo pagar su crisis. Y aunque algunos hombres en concreto saquen ventajas personales o privilegios materiales, quien se beneficia de esta opresi\u00f3n es la burgues\u00eda, los patrones y la banca, que se apropian de la riqueza social que producimos la clase trabajadora.<\/p>\n<p>Por tanto si el machismo divide y debilita a nuestra clase, y a esto le sumamos los ataques que las y los trabajadores estamos sufriendo, somos las organizaciones sindicales, populares y pol\u00edticas de clase, las que debemos ponernos a la cabeza de esta lucha. La lucha contra el machismo no es solo de las mujeres sino de toda la juventud y la clase obrera.<\/p>\n<p>Desde <strong><em>co.bas<\/em><\/strong> nos sumamos a la movilizaci\u00f3n del 25N, D\u00eda Internacional de la Eliminaci\u00f3n de la Violencia contra la Mujer y exigimos medidas urgentes para prevenir, atender y proteger a las mujeres contra la violencia machista, y llamamos a todas las organizaciones obreras, sindicatos, organizaciones populares, y movimientos sociales, a defender juntos estas reivindicaciones. Porque la lucha y la movilizaci\u00f3n en la calle, como las recientes marchas de la Dignidad y la reciente manifestaci\u00f3n estatal del 7N contra la violencia machista, siguen siendo la principal herramienta que tenemos para lograr nuestros derechos y reivindicaciones, y en este caso, para defender nuestras vidas. Necesitamos unidad para enfrentar los planes de ajuste, los recortes sociales y los ataques a nuestros derechos.<\/p>\n<p>No podemos permitir que el presupuesto destinado a la prevenci\u00f3n de la violencia machista y a pol\u00edticas de igualdad para el 2016 siga siendo un 17% menor que el de 2011. O que en los presupuestos generales del estado, el \u201cPrograma para igualdad de oportunidades\u201d descienda en un 5,28% y se mantenga el recorte en atenci\u00f3n telef\u00f3nica que el a\u00f1o pasado cay\u00f3 ya un 34%.<\/p>\n<p>Adem\u00e1s de tener menos recursos materiales, las mujeres trabajadoras m\u00e1s precarias, las j\u00f3venes, las inmigrantes, las desempleadas, ni siquiera disponen de ayudas sociales suficientes por parte del estado y las comunidades aut\u00f3nomas para escapar de la violencia dom\u00e9stica.<\/p>\n<p style=\"text-align: center\"><strong>UN ATAQUE M\u00c1S S\u00daTIL<\/strong><\/p>\n<p>Cada vez se pone m\u00e1s en evidencia otro tipo de violencia hacia las mujeres, un ataque m\u00e1s sutil que est\u00e1 presente en el desempleo, en la brecha salarial que no deja de aumentar, en la precariedad, en los contratos temporales, en los despidos motivados por embarazos o permisos para afrontar los cuidados familiares. Est\u00e1 presente en la privatizaci\u00f3n de los servicios p\u00fablicos que nos obliga a asumir la responsabilidad del cuidado de mayores, dependientes y menores. Est\u00e1 presente en las violaciones o agresiones que no se denuncian por miedo, o en la homofobia presente en los sectores m\u00e1s j\u00f3venes; en la eliminaci\u00f3n de una educaci\u00f3n sexual y en valores de igualdad en la escuela p\u00fablica, y tambi\u00e9n cuando se obliga a las menores de 16-17 a\u00f1os a ser madres forzosas, porque no pueden decidir libremente la interrupci\u00f3n de un embarazo no deseado en la sanidad p\u00fablica.<\/p>\n<p>Y sobre todo sigue estando presente cuando los intereses de la deuda que se pagar\u00e1n en el 2016 ascienden a 33.554 millones de euros, mientras que el presupuesto para el programa contra violencia machista es tan solo de de 25,2 millones.<\/p>\n<p>Por eso, desde <strong><em>co.bas<\/em><\/strong> os animamos a todas, y a todos, a luchar, este <strong>25N<\/strong> y todos los d\u00edas, contra todo tipo de violencia hacia las mujeres y para defender las reivindicaciones de las mujeres trabajadoras, que indiscutiblemente tienen que ser tambi\u00e9n las del conjunto de nuestra clase.<\/p>\n<h1 style=\"text-align: center\"><span style=\"color: #800080\"><strong>25 DE NOVIEMBRE 19:30 h.<\/strong><\/span><\/h1>\n<h1 style=\"text-align: center\"><span style=\"color: #800080\"><strong>PLAZA \u00d3PERA \u2013 PUERTA DEL SOL<\/strong><\/span><\/h1>\n<p>&nbsp;<\/p>\n<p><a href=\"http:\/\/cobasindra.org\/wp-content\/uploads\/2015\/11\/viomach.jpg\"><img loading=\"lazy\" decoding=\"async\" class=\" size-full wp-image-1231 alignright\" src=\"http:\/\/cobasindra.org\/wp-content\/uploads\/2015\/11\/viomach.jpg\" alt=\"viomach\" width=\"202\" height=\"202\" \/><\/a><\/p>\n","protected":false},"excerpt":{"rendered":"<div class=\"mh-excerpt\">25N D\u00eda Internacional de la Eliminaci\u00f3n de la Violencia contra la Mujer COMBATIENDO LA VIOLENCIA MACHISTA +RECURSOS -RECORTES Llevamos un a\u00f1o terrible por violencia machista. El machismo, una ideolog\u00eda que solo sirve para mantener y <a class=\"mh-excerpt-more\" href=\"https:\/\/www.sitescobas.es\/indra\/2015\/11\/25\/dia-internacional-eliminacion-de-la-violencia-contra-la-mujer\/\" title=\"D\u00eda Internacional Eliminaci\u00f3n de la Violencia contra la Mujer\">[&#8230;]<\/a><\/div>\n","protected":false},"author":2,"featured_media":0,"comment_status":"open","ping_status":"closed","sticky":false,"template":"","format":"standard","meta":{"_kadence_starter_templates_imported_post":false,"footnotes":""},"categories":[28,13],"tags":[47,27,26],"class_list":{"0":"post-1230","1":"post","2":"type-post","3":"status-publish","4":"format-standard","6":"category-mujer","7":"category-cobas-indra","8":"tag-mujer","9":"tag-protesta","10":"tag-sindicatos"},"_links":{"self":[{"href":"https:\/\/www.sitescobas.es\/indra\/wp-json\/wp\/v2\/posts\/1230","targetHints":{"allow":["GET"]}}],"collection":[{"href":"https:\/\/www.sitescobas.es\/indra\/wp-json\/wp\/v2\/posts"}],"about":[{"href":"https:\/\/www.sitescobas.es\/indra\/wp-json\/wp\/v2\/types\/post"}],"author":[{"embeddable":true,"href":"https:\/\/www.sitescobas.es\/indra\/wp-json\/wp\/v2\/users\/2"}],"replies":[{"embeddable":true,"href":"https:\/\/www.sitescobas.es\/indra\/wp-json\/wp\/v2\/comments?post=1230"}],"version-history":[{"count":0,"href":"https:\/\/www.sitescobas.es\/indra\/wp-json\/wp\/v2\/posts\/1230\/revisions"}],"wp:attachment":[{"href":"https:\/\/www.sitescobas.es\/indra\/wp-json\/wp\/v2\/media?parent=1230"}],"wp:term":[{"taxonomy":"category","embeddable":true,"href":"https:\/\/www.sitescobas.es\/indra\/wp-json\/wp\/v2\/categories?post=1230"},{"taxonomy":"post_tag","embeddable":true,"href":"https:\/\/www.sitescobas.es\/indra\/wp-json\/wp\/v2\/tags?post=1230"}],"curies":[{"name":"wp","href":"https:\/\/api.w.org\/{rel}","templated":true}]}}