{"id":121,"date":"2013-02-27T23:15:00","date_gmt":"2013-02-27T23:15:00","guid":{"rendered":"http:\/\/pruebas.cobasindra.org\/?p=121"},"modified":"2013-02-27T23:15:00","modified_gmt":"2013-02-27T23:15:00","slug":"contra-los-despidos-en-arroyo-de-la-vega","status":"publish","type":"post","link":"https:\/\/www.sitescobas.es\/indra\/2013\/02\/27\/contra-los-despidos-en-arroyo-de-la-vega\/","title":{"rendered":"Contra los despidos en Arroyo de la Vega."},"content":{"rendered":"<p><\/p>\n<div style=\"text-align: justify;text-align: justify\"><span lang=\"es\" style=\"font-family: Arial;font-size: 10.0pt;font-weight: bold\">Con el lema \u201cNO A LOS DESPIDOS\u201d<\/span><span lang=\"es\" style=\"font-family: Arial;font-size: 10.0pt\">, el pasado <\/span><span lang=\"es\" style=\"font-family: Arial;font-size: 10.0pt;font-weight: bold\"><span dir=\"ltr\"><\/span>21 de febrero<\/span><span lang=\"es\" style=\"font-family: Arial;font-size: 10.0pt\">, y como venimos haciendo de forma peri\u00f3dica,&nbsp; los delegados del Comit\u00e9 de Empresa de Arroyo de la Vega y otros centros nos concentramos en la puerta de la empresa y os invitamos a acompa\u00f1arnos a trav\u00e9s de un comunicado que repartimos ese mismo d\u00eda&nbsp; por la ma\u00f1ana. <\/span><\/div>\n<div style=\"text-align: justify;text-align: justify\"><span lang=\"es\" style=\"font-family: Arial;font-size: 10.0pt\">Intentamos siempre realizar las concentraciones a la hora de la comida para que teng\u00e1is la oportunidad de mostrar vuestra solidaridad con los compa\u00f1eros que han sido despedidos (ma\u00f1ana, podemos ser cualquiera de nosotros) y para que pod\u00e1is&nbsp; manifestar as\u00ed vuestro rechazo y descontento a la Direcci\u00f3n de la Empresa.<\/span><\/div>\n<div style=\"text-align: justify;text-align: justify\"><span lang=\"es\" style=\"font-family: Arial;font-size: 10.0pt\">Y seguiremos haci\u00e9ndolo mientras esta situaci\u00f3n persista . <\/span><\/div>\n<div><\/div>\n","protected":false},"excerpt":{"rendered":"<div class=\"mh-excerpt\">Con el lema \u201cNO A LOS DESPIDOS\u201d, el pasado 21 de febrero, y como venimos haciendo de forma peri\u00f3dica,&nbsp; los delegados del Comit\u00e9 de Empresa de Arroyo de la Vega y otros centros nos concentramos <a class=\"mh-excerpt-more\" href=\"https:\/\/www.sitescobas.es\/indra\/2013\/02\/27\/contra-los-despidos-en-arroyo-de-la-vega\/\" title=\"Contra los despidos en Arroyo de la Vega.\">[&#8230;]<\/a><\/div>\n","protected":false},"author":2,"featured_media":0,"comment_status":"open","ping_status":"closed","sticky":false,"template":"","format":"standard","meta":{"_kadence_starter_templates_imported_post":false,"footnotes":""},"categories":[17,9,10],"tags":[32,27],"class_list":{"0":"post-121","1":"post","2":"type-post","3":"status-publish","4":"format-standard","6":"category-arroyo","7":"category-revista","8":"category-revista-201302","9":"tag-despidos","10":"tag-protesta"},"_links":{"self":[{"href":"https:\/\/www.sitescobas.es\/indra\/wp-json\/wp\/v2\/posts\/121","targetHints":{"allow":["GET"]}}],"collection":[{"href":"https:\/\/www.sitescobas.es\/indra\/wp-json\/wp\/v2\/posts"}],"about":[{"href":"https:\/\/www.sitescobas.es\/indra\/wp-json\/wp\/v2\/types\/post"}],"author":[{"embeddable":true,"href":"https:\/\/www.sitescobas.es\/indra\/wp-json\/wp\/v2\/users\/2"}],"replies":[{"embeddable":true,"href":"https:\/\/www.sitescobas.es\/indra\/wp-json\/wp\/v2\/comments?post=121"}],"version-history":[{"count":0,"href":"https:\/\/www.sitescobas.es\/indra\/wp-json\/wp\/v2\/posts\/121\/revisions"}],"wp:attachment":[{"href":"https:\/\/www.sitescobas.es\/indra\/wp-json\/wp\/v2\/media?parent=121"}],"wp:term":[{"taxonomy":"category","embeddable":true,"href":"https:\/\/www.sitescobas.es\/indra\/wp-json\/wp\/v2\/categories?post=121"},{"taxonomy":"post_tag","embeddable":true,"href":"https:\/\/www.sitescobas.es\/indra\/wp-json\/wp\/v2\/tags?post=121"}],"curies":[{"name":"wp","href":"https:\/\/api.w.org\/{rel}","templated":true}]}}