{"id":1142,"date":"2015-11-13T14:00:16","date_gmt":"2015-11-13T12:00:16","guid":{"rendered":"http:\/\/cobasindra.org\/?p=1142"},"modified":"2015-11-13T14:00:16","modified_gmt":"2015-11-13T12:00:16","slug":"el-ere-no-voluntario-ya-ha-empezado","status":"publish","type":"post","link":"https:\/\/www.sitescobas.es\/indra\/2015\/11\/13\/el-ere-no-voluntario-ya-ha-empezado\/","title":{"rendered":"El \u20acR\u20ac \u00abNO Voluntario\u00bb ya ha empezado"},"content":{"rendered":"<h1 style=\"text-align: center\"><span style=\"color: #ff0000\"><strong>HA EMPEZADO LA APLICACI\u00d3N DEL <\/strong><\/span><\/h1>\n<h1 style=\"text-align: center\"><span style=\"color: #ff0000\"><strong>\u00abERE NO VOLUNTARIO\u00bb<\/strong><\/span><\/h1>\n<h1 style=\"text-align: center\"><span style=\"color: #ff0000\"><strong>\u00a0VUELVE A\u00a0 AYUDARNOS<\/strong><\/span><\/h1>\n<p>&nbsp;<\/p>\n<p>La empresa\u00a0 no ha terminado de revisar los casos de voluntarios rechazados, ni comunicar a los interesados\u00a0 la resoluci\u00f3n de dicha revisi\u00f3n\u00a0 y ya ha comenzado a aplicar el resto de medidas del ERE:<\/p>\n<ul>\n<li>Despidos forzosos.<\/li>\n<li>Recolocaciones en empresas del grupo indra .<\/li>\n<li>Ajuste salarial como alternativa al despido.<\/li>\n<li>Internalizaci\u00f3n de actividades con movilidad funcional y modificaci\u00f3n de condiciones de trabajo.<\/li>\n<\/ul>\n<p>Todos estos casos son mucho m\u00e1s dolosos\u00a0 y es necesario que se sepa que ya han comenzado\u00a0 la parte cruel del ERE. La parte en la que no pensaron los sindicatos firmantes que iba a suceder y que ahora parece que no quiere hacer visible la comisi\u00f3n de seguimiento.<\/p>\n<p>Este no es un ERE voluntario, donde si quieres\u00a0 y te dejan, te vas con una indemnizaci\u00f3n.\u00a0 A\u00fan quedan cerca de 750 personas que se ver\u00e1n afectados por el ERE y que en un corto plazo de tiempo recibir\u00e1n una mala noticia que cambiar\u00e1 su vida y la de su familia de forma dr\u00e1stica.<\/p>\n<p>Ya se est\u00e1n produciendo despidos forzosos incluidos centros, como es Torrej\u00f3n, donde los sindicatos firmantes aseguraron que no habr\u00eda medidas forzosas. \u00a0As\u00ed que \u00a1\u00a1Todos estamos afectados!!.<\/p>\n<p>Solo si nos informas de c\u00f3mo te afecta en ERE, \u00a0podremos\u00a0 realizar un seguimiento del\u00a0 ERE\u00a0 real, del ERE que hemos querido evitar y no del ERE bueno y voluntario que nos quieren vender.<\/p>\n<p>&nbsp;<\/p>\n<h2 style=\"text-align: center\"><span style=\"color: #ff0000\"><strong>INFORMANOS SI ERES UN DAMNIFICADO DEL ERE <\/strong><\/span><\/h2>\n<h2 style=\"text-align: center\"><span style=\"color: #ff0000\"><strong>Y COMO TE AFECTA.<\/strong><\/span><\/h2>\n<h2 style=\"text-align: center\"><span style=\"color: #ff0000\"><strong>\u00a0LA GENTE NECESITA SABER QUE ESTA PASANDO.<\/strong><\/span><\/h2>\n<h2 style=\"text-align: center\"><span style=\"color: #ff0000\"><strong>\u00a0GRACIAS POR TU COLABORACI\u00d3N<\/strong><\/span><\/h2>\n<p>&nbsp;<\/p>\n<p>[contact-form to=&#8217;sec.sindical@cobasindra.org&#8217;][contact-field label=&#8217;Correo electr\u00f3nico&#8217; type=&#8217;email&#8217; required=&#8217;1&#8217;\/][contact-field label=&#8217;Nombre&#8217; type=&#8217;text&#8217;\/][contact-field label=&#8217;Comentarios&#8217; type=&#8217;text&#8217; required=&#8217;1&#8217;\/][\/contact-form]<\/p>\n","protected":false},"excerpt":{"rendered":"<div class=\"mh-excerpt\">HA EMPEZADO LA APLICACI\u00d3N DEL \u00abERE NO VOLUNTARIO\u00bb \u00a0VUELVE A\u00a0 AYUDARNOS &nbsp; La empresa\u00a0 no ha terminado de revisar los casos de voluntarios rechazados, ni comunicar a los interesados\u00a0 la resoluci\u00f3n de dicha revisi\u00f3n\u00a0 y <a class=\"mh-excerpt-more\" href=\"https:\/\/www.sitescobas.es\/indra\/2015\/11\/13\/el-ere-no-voluntario-ya-ha-empezado\/\" title=\"El \u20acR\u20ac \u00abNO Voluntario\u00bb ya ha empezado\">[&#8230;]<\/a><\/div>\n","protected":false},"author":2,"featured_media":1000,"comment_status":"open","ping_status":"closed","sticky":false,"template":"","format":"standard","meta":{"_kadence_starter_templates_imported_post":false,"footnotes":""},"categories":[13],"tags":[38,32,45,27,24,26],"class_list":{"0":"post-1142","1":"post","2":"type-post","3":"status-publish","4":"format-standard","5":"has-post-thumbnail","7":"category-cobas-indra","8":"tag-denuncias","9":"tag-despidos","10":"tag-ere-en-indra","11":"tag-protesta","12":"tag-salario","13":"tag-sindicatos"},"_links":{"self":[{"href":"https:\/\/www.sitescobas.es\/indra\/wp-json\/wp\/v2\/posts\/1142","targetHints":{"allow":["GET"]}}],"collection":[{"href":"https:\/\/www.sitescobas.es\/indra\/wp-json\/wp\/v2\/posts"}],"about":[{"href":"https:\/\/www.sitescobas.es\/indra\/wp-json\/wp\/v2\/types\/post"}],"author":[{"embeddable":true,"href":"https:\/\/www.sitescobas.es\/indra\/wp-json\/wp\/v2\/users\/2"}],"replies":[{"embeddable":true,"href":"https:\/\/www.sitescobas.es\/indra\/wp-json\/wp\/v2\/comments?post=1142"}],"version-history":[{"count":0,"href":"https:\/\/www.sitescobas.es\/indra\/wp-json\/wp\/v2\/posts\/1142\/revisions"}],"wp:featuredmedia":[{"embeddable":true,"href":"https:\/\/www.sitescobas.es\/indra\/wp-json\/"}],"wp:attachment":[{"href":"https:\/\/www.sitescobas.es\/indra\/wp-json\/wp\/v2\/media?parent=1142"}],"wp:term":[{"taxonomy":"category","embeddable":true,"href":"https:\/\/www.sitescobas.es\/indra\/wp-json\/wp\/v2\/categories?post=1142"},{"taxonomy":"post_tag","embeddable":true,"href":"https:\/\/www.sitescobas.es\/indra\/wp-json\/wp\/v2\/tags?post=1142"}],"curies":[{"name":"wp","href":"https:\/\/api.w.org\/{rel}","templated":true}]}}