{"id":1123,"date":"2015-11-08T18:00:17","date_gmt":"2015-11-08T16:00:17","guid":{"rendered":"http:\/\/cobasindra.org\/?p=1123"},"modified":"2015-11-08T18:00:17","modified_gmt":"2015-11-08T16:00:17","slug":"juicio-por-ere-en-indra-concentracion-de-trabajadores-en-la-audiencia-nacional","status":"publish","type":"post","link":"https:\/\/www.sitescobas.es\/indra\/2015\/11\/08\/juicio-por-ere-en-indra-concentracion-de-trabajadores-en-la-audiencia-nacional\/","title":{"rendered":"Juicio por \u20acR\u20ac en Indra. Concentraci\u00f3n de trabajadores en la Audiencia Nacional"},"content":{"rendered":"<h1 style=\"text-align: center\"><strong>JUICIO POR EL ERE EN INDRA SISTEMAS<\/strong><\/h1>\n<h1 style=\"text-align: center\"><strong>EN LA AUDIENCIA NACIONAL<\/strong><\/h1>\n<h1 style=\"text-align: center\"><strong>ESTE MI\u00c9RCOLES 11 NOVIEMBRE 2015<\/strong><\/h1>\n<h3 style=\"text-align: center\"><span style=\"color: #ff0000\"><strong>\u00a0<\/strong><\/span><\/h3>\n<h3 style=\"text-align: center\"><span style=\"color: #ff0000\"><strong>CONVOCAMOS UNA CONCENTRACI\u00d3N DE <\/strong><\/span><\/h3>\n<h3 style=\"text-align: center\"><span style=\"color: #ff0000\"><strong>TODOS LOS TRABAJADORES DE INDRA <\/strong><\/span><\/h3>\n<h3 style=\"text-align: center\"><span style=\"color: #ff0000\"><strong>EN LA PUERTA DE LA AUDIENCIA NACIONAL <\/strong><\/span><\/h3>\n<h3 style=\"text-align: center\"><span style=\"color: #ff0000\"><strong>DE 8:30 A 11:30 H DE LA MA\u00d1ANA.<\/strong><\/span><\/h3>\n<p>&nbsp;<\/p>\n<h5 style=\"text-align: left\"><strong>PARA PODER EJERCER NUESTROS DERECHOS <\/strong><strong>HEMOS CONVOCADO UNA\u00a0 HUELGA DE 3 HORAS.<\/strong><\/h5>\n<p style=\"text-align: left\">Es importante demostrar y hacer palpable nuestro descontento, ante este injusto ERE que nos ha colocado la empresa, arguyendo causas econ\u00f3micas, cuando la realidad es que este es un <strong>ERE POL\u00cdTICO<\/strong>.<\/p>\n<p>La rapidez con la que quieren ejecutar el ERE antes de las Elecciones Generales, no se entender\u00eda si no fuese por el inter\u00e9s de repartirse la tajada de la empresa tecnol\u00f3gica m\u00e1s grande del pa\u00eds, antes que vengan posiblemente alg\u00fan otro gobierno escorado hacia las izquierdas seg\u00fan argumentan en las \u201c Memorias \u2026\u201d<\/p>\n<p>Un ERE, que tendr\u00eda que ser el \u201c\u00faltimo recurso\u201d para solucionar los problemas de las empresas, se ha convertido en el primer arma de destrucci\u00f3n masiva.<\/p>\n<p>Estas agresiones al igual que los recortes que estamos sufriendo los trabajadores de toda Espa\u00f1a, no pueden continuar sin respuesta. El tiempo se acaba y aqu\u00ed no hay plan B, solo nos resta, luchar, luchar y luchar.<\/p>\n<p>&nbsp;<\/p>\n<h3 style=\"text-align: center\"><strong>NOS VEMOS TODOS LOS TRABAJADORES EN LA HUELGA DE 3 HORAS<\/strong><\/h3>\n<h3 style=\"text-align: center\"><strong>DE 8:30H A 11:30H<\/strong><\/h3>\n<h3 style=\"text-align: center\"><strong>LUGAR EN CALLE GOYA 14<\/strong><\/h3>\n<h3 style=\"text-align: center\"><strong>EN LA PUERTA DE LA AUDIENCIA NACIONAL<\/strong><\/h3>\n<p>&nbsp;<\/p>\n<p>Dec\u00eda <strong>Martin Luther King<\/strong>: \u00ab<strong>m\u00e1s que las obras de los hombres malos, me preocupa el silencio de los hombres buenos<\/strong>\u201d.<\/p>\n<p>\u00a1No te dejes vencer por el des\u00e1nimo! <strong>El futuro no est\u00e1 escrito, solo existir\u00e1 lo que nosotros seamos capaces de construir<\/strong>.<\/p>\n<h2 style=\"text-align: center\"><span style=\"color: #800080\"><strong>TODOS CON LAS CAMISETAS MORADAS DE <\/strong><\/span><\/h2>\n<h2 style=\"text-align: center\"><span style=\"color: #800080\"><strong>\u201cNO AL ERE EN INDRA\u201d<\/strong><\/span><\/h2>\n","protected":false},"excerpt":{"rendered":"<div class=\"mh-excerpt\">JUICIO POR EL ERE EN INDRA SISTEMAS EN LA AUDIENCIA NACIONAL ESTE MI\u00c9RCOLES 11 NOVIEMBRE 2015 \u00a0 CONVOCAMOS UNA CONCENTRACI\u00d3N DE TODOS LOS TRABAJADORES DE INDRA EN LA PUERTA DE LA AUDIENCIA NACIONAL DE 8:30 <a class=\"mh-excerpt-more\" href=\"https:\/\/www.sitescobas.es\/indra\/2015\/11\/08\/juicio-por-ere-en-indra-concentracion-de-trabajadores-en-la-audiencia-nacional\/\" title=\"Juicio por \u20acR\u20ac en Indra. Concentraci\u00f3n de trabajadores en la Audiencia Nacional\">[&#8230;]<\/a><\/div>\n","protected":false},"author":2,"featured_media":889,"comment_status":"open","ping_status":"closed","sticky":false,"template":"","format":"standard","meta":{"_kadence_starter_templates_imported_post":false,"footnotes":""},"categories":[13],"tags":[32,45,49,27,26],"class_list":{"0":"post-1123","1":"post","2":"type-post","3":"status-publish","4":"format-standard","5":"has-post-thumbnail","7":"category-cobas-indra","8":"tag-despidos","9":"tag-ere-en-indra","10":"tag-huelga","11":"tag-protesta","12":"tag-sindicatos"},"_links":{"self":[{"href":"https:\/\/www.sitescobas.es\/indra\/wp-json\/wp\/v2\/posts\/1123","targetHints":{"allow":["GET"]}}],"collection":[{"href":"https:\/\/www.sitescobas.es\/indra\/wp-json\/wp\/v2\/posts"}],"about":[{"href":"https:\/\/www.sitescobas.es\/indra\/wp-json\/wp\/v2\/types\/post"}],"author":[{"embeddable":true,"href":"https:\/\/www.sitescobas.es\/indra\/wp-json\/wp\/v2\/users\/2"}],"replies":[{"embeddable":true,"href":"https:\/\/www.sitescobas.es\/indra\/wp-json\/wp\/v2\/comments?post=1123"}],"version-history":[{"count":0,"href":"https:\/\/www.sitescobas.es\/indra\/wp-json\/wp\/v2\/posts\/1123\/revisions"}],"wp:featuredmedia":[{"embeddable":true,"href":"https:\/\/www.sitescobas.es\/indra\/wp-json\/"}],"wp:attachment":[{"href":"https:\/\/www.sitescobas.es\/indra\/wp-json\/wp\/v2\/media?parent=1123"}],"wp:term":[{"taxonomy":"category","embeddable":true,"href":"https:\/\/www.sitescobas.es\/indra\/wp-json\/wp\/v2\/categories?post=1123"},{"taxonomy":"post_tag","embeddable":true,"href":"https:\/\/www.sitescobas.es\/indra\/wp-json\/wp\/v2\/tags?post=1123"}],"curies":[{"name":"wp","href":"https:\/\/api.w.org\/{rel}","templated":true}]}}