{"id":1112,"date":"2015-11-05T21:55:23","date_gmt":"2015-11-05T19:55:23","guid":{"rendered":"http:\/\/cobasindra.org\/?p=1112"},"modified":"2015-11-05T21:55:23","modified_gmt":"2015-11-05T19:55:23","slug":"comunicado-conjunto-de-las-secciones-sindicales-de-cgt-y-cobas","status":"publish","type":"post","link":"https:\/\/www.sitescobas.es\/indra\/2015\/11\/05\/comunicado-conjunto-de-las-secciones-sindicales-de-cgt-y-cobas\/","title":{"rendered":"Comunicado conjunto de las Secciones Sindicales de CGT y CoBas"},"content":{"rendered":"<h1 style=\"text-align: center\"><strong>JUICIO POR EL \u20acR\u20ac EN INDRA SISTEMAS<\/strong><\/h1>\n<h1 style=\"text-align: center\"><strong>POR LAS DENUNCIAS INTERPUESTAS POR <\/strong><\/h1>\n<h1 style=\"text-align: center\"><strong>COBAS Y CGT<\/strong><\/h1>\n<h2 style=\"text-align: center\"><\/h2>\n<h4 style=\"text-align: center\"><strong>EN LA AUDIENCIA NACIONAL<\/strong><\/h4>\n<h4 style=\"text-align: center\"><strong>ESTE MI\u00c9RCOLES 11 NOVIEMBRE 2015<\/strong><\/h4>\n<p>&nbsp;<\/p>\n<h2 style=\"text-align: center\"><strong><span style=\"color: #ff0000\">CONVOCAMOS UNA CONCENTRACI\u00d3N <\/span><\/strong><\/h2>\n<h2 style=\"text-align: center\"><strong><span style=\"color: #ff0000\">DE TODOS LOS TRABAJADORES DE INDRA <\/span><\/strong><\/h2>\n<h2 style=\"text-align: center\"><strong><span style=\"color: #ff0000\">EN LA PUERTA DE LA AUDIENCIA NACIONAL <\/span><\/strong><\/h2>\n<h2 style=\"text-align: center\"><strong><span style=\"color: #ff0000\">DESDE LAS 8:30 H. DE LA MA\u00d1ANA <\/span><\/strong><strong><span style=\"color: #ff0000\">HASTA LAS 13:30 H<\/span><\/strong><\/h2>\n<p>&nbsp;<\/p>\n<h2 style=\"text-align: center\"><\/h2>\n<h2 style=\"text-align: center\"><span style=\"color: #000000\"><strong>PARA PODER EJERCER NUESTROS DERECHOS HEMOS CONVOCADO UNA \u00a0HUELGA DE 3 HORAS<br \/>\n(de 8:30 h a 11:30h).<\/strong><\/span><span style=\"color: #000000\">\u00a0<\/span><\/h2>\n<h2 style=\"text-align: center\"><span style=\"color: #000000\"><strong>NOS VEMOS TODOS LOS TRABAJADORES <\/strong><\/span><\/h2>\n<h2 style=\"text-align: center\"><span style=\"color: #000000\"><strong>EN LA HUELGA DE 3 HORAS<\/strong><\/span><\/h2>\n<h4 style=\"text-align: center\"><strong>DE 8:30H A 11:30H<\/strong><\/h4>\n<h4 style=\"text-align: center\"><strong>LUGAR EN CALLE GOYA 14<\/strong><\/h4>\n<h4 style=\"text-align: center\"><strong>EN LA PUERTA DE LA AUDIENCIA NACIONAL<\/strong><\/h4>\n<p>&nbsp;<\/p>\n<p>Os recordamos que en el caso de huelga y paros parciales:<\/p>\n<p>1. \u00a0 \u00a0 Ni el trabajador tiene que decir si va a hacer o no la huelga, ni la empresa puede preguntarlo<\/p>\n<p>2. \u00a0 \u00a0 La huelga no puede ser motivo de despido ni de ning\u00fan otro tipo de sanciones. La falta de ese d\u00eda tampoco puede computarse para un despido por absentismo.<\/p>\n<p>3. \u00a0 \u00a0 La ley indica que la huelga es motivo de \u00absuspensi\u00f3n\u00bb de las relaciones laborales. Esto quiere decir que el huelguista no realiza su trabajo y el empresario le descuenta ese d\u00eda de salario. Adem\u00e1s, empresa y trabajador dejan de cotizar a la Seguridad Social por esa jornada. Este descuento se har\u00e1 sobre las horas no trabajadas; tanto sobre el salario base como las horas complementarias (incluyendo la parte proporcional de la retribuci\u00f3n del descanso semanal y las pagas extras, as\u00ed como la participaci\u00f3n en beneficios). No afectar\u00e1, sin embargo, a las retribuciones en especie. Las vacaciones tampoco se ver\u00e1n afectadas ni en su duraci\u00f3n ni en su retribuci\u00f3n.<\/p>\n<p>4. \u00a0 \u00a0 La ley proh\u00edbe expresamente el relevo de los huelguistas por otros no vinculados a la empresa o la contrataci\u00f3n de sustitutos por ETT<\/p>\n<p>5. \u00a0 \u00a0 De existir servicios m\u00ednimos, el empresario deber\u00e1 comunicar previamente a los trabajadores escogidos que forman parte de estos servicios.<\/p>\n<figure id=\"attachment_1119\" aria-describedby=\"caption-attachment-1119\" style=\"width: 618px\" class=\"wp-caption aligncenter\"><a href=\"http:\/\/cobasindra.org\/wp-content\/uploads\/2015\/11\/sobramos-todos-c02-1.png\"><img loading=\"lazy\" decoding=\"async\" class=\" wp-image-1119\" src=\"http:\/\/cobasindra.org\/wp-content\/uploads\/2015\/11\/sobramos-todos-c02-1-724x1024.png\" alt=\"Sobramos muchos... o sobramos todos???\" width=\"618\" height=\"874\" \/><\/a><figcaption id=\"caption-attachment-1119\" class=\"wp-caption-text\">Sobramos muchos&#8230; o sobramos todos???<\/figcaption><\/figure>\n","protected":false},"excerpt":{"rendered":"<div class=\"mh-excerpt\">JUICIO POR EL \u20acR\u20ac EN INDRA SISTEMAS POR LAS DENUNCIAS INTERPUESTAS POR COBAS Y CGT EN LA AUDIENCIA NACIONAL ESTE MI\u00c9RCOLES 11 NOVIEMBRE 2015 &nbsp; CONVOCAMOS UNA CONCENTRACI\u00d3N DE TODOS LOS TRABAJADORES DE INDRA EN <a class=\"mh-excerpt-more\" href=\"https:\/\/www.sitescobas.es\/indra\/2015\/11\/05\/comunicado-conjunto-de-las-secciones-sindicales-de-cgt-y-cobas\/\" title=\"Comunicado conjunto de las Secciones Sindicales de CGT y CoBas\">[&#8230;]<\/a><\/div>\n","protected":false},"author":2,"featured_media":0,"comment_status":"open","ping_status":"closed","sticky":false,"template":"","format":"standard","meta":{"_kadence_starter_templates_imported_post":false,"footnotes":""},"categories":[13],"tags":[48,32,45,49,27,26],"class_list":{"0":"post-1112","1":"post","2":"type-post","3":"status-publish","4":"format-standard","6":"category-cobas-indra","7":"tag-denuncias-indra","8":"tag-despidos","9":"tag-ere-en-indra","10":"tag-huelga","11":"tag-protesta","12":"tag-sindicatos"},"_links":{"self":[{"href":"https:\/\/www.sitescobas.es\/indra\/wp-json\/wp\/v2\/posts\/1112","targetHints":{"allow":["GET"]}}],"collection":[{"href":"https:\/\/www.sitescobas.es\/indra\/wp-json\/wp\/v2\/posts"}],"about":[{"href":"https:\/\/www.sitescobas.es\/indra\/wp-json\/wp\/v2\/types\/post"}],"author":[{"embeddable":true,"href":"https:\/\/www.sitescobas.es\/indra\/wp-json\/wp\/v2\/users\/2"}],"replies":[{"embeddable":true,"href":"https:\/\/www.sitescobas.es\/indra\/wp-json\/wp\/v2\/comments?post=1112"}],"version-history":[{"count":0,"href":"https:\/\/www.sitescobas.es\/indra\/wp-json\/wp\/v2\/posts\/1112\/revisions"}],"wp:attachment":[{"href":"https:\/\/www.sitescobas.es\/indra\/wp-json\/wp\/v2\/media?parent=1112"}],"wp:term":[{"taxonomy":"category","embeddable":true,"href":"https:\/\/www.sitescobas.es\/indra\/wp-json\/wp\/v2\/categories?post=1112"},{"taxonomy":"post_tag","embeddable":true,"href":"https:\/\/www.sitescobas.es\/indra\/wp-json\/wp\/v2\/tags?post=1112"}],"curies":[{"name":"wp","href":"https:\/\/api.w.org\/{rel}","templated":true}]}}