{"id":110,"date":"2013-03-16T20:06:00","date_gmt":"2013-03-16T20:06:00","guid":{"rendered":"http:\/\/pruebas.cobasindra.org\/?p=110"},"modified":"2013-03-16T20:06:00","modified_gmt":"2013-03-16T20:06:00","slug":"manifestacion-sabado-16-de-marzo-2013","status":"publish","type":"post","link":"https:\/\/www.sitescobas.es\/indra\/2013\/03\/16\/manifestacion-sabado-16-de-marzo-2013\/","title":{"rendered":"Manifestaci\u00f3n s\u00e1bado 16 de marzo 2013"},"content":{"rendered":"<p><b style=\"text-indent: 9.466666221618652px\"><span style=\"font-family: Arial, sans-serif;font-size: x-large\">Hay que echar al Gobierno y a la Troika<\/span><span style=\"font-family: Arial, sans-serif;font-size: large\">&nbsp;<\/span><\/b><\/p>\n<div><\/div>\n<div>\n<table border=\"0\" style=\"height: 200px;width: 572px\">\n<tbody>\n<tr>\n<td bgcolor=\"#003300\" height=\"200\" width=\"464\">\n<h1 align=\"center\"><strong><span style=\"color: white\">S\u00c1BADO 16 DE MARZO<br \/>18,00 HORAS<\/span><\/strong><\/h1>\n<h1 align=\"center\"><strong><span style=\"color: white\"><br \/><span style=\"font-size: large\">PLAZA DE ESPA\u00d1A &#8211; SOL<\/span><\/span><\/strong><\/h1>\n<\/td>\n<td width=\"192\"><img loading=\"lazy\" decoding=\"async\" alt=\"logoHQPLP\" height=\"200\" src=\"http:\/\/cobasindra.org\/wp-content\/uploads\/2013\/03\/LogoHQPLPnuevo2-288x300.png\" width=\"192\" \/><\/p>\n<div><\/div>\n<\/td>\n<\/tr>\n<\/tbody>\n<\/table>\n<\/div>\n<div><b style=\"text-indent: 9.466666221618652px\"><span style=\"font-family: Arial, sans-serif;font-size: large\">o acabamos con ellos o acaban con nosotros<\/span><\/b><b style=\"text-indent: 7.1pt\"><span style=\"font-size: 18.0pt\"><\/span><\/b><\/div>\n<div>\n<div style=\"margin: 0cm 6.95pt 0.0001pt -14.2pt;text-indent: 7.1pt\"><\/p>\n<div style=\"margin-bottom: .0001pt;margin-bottom: 0cm;margin-left: 14.2pt;margin-right: 6.95pt;margin-top: 0cm;text-align: justify;text-indent: 14.2pt\"><span style=\"font-size: 10.5pt\">Con seis millones de desempleados, dos millones de hogares en los que nadie tiene trabajo; con colas en los comedores sociales que se han convertido en una vergonzosa estampa de la vida social; con zonas del pa\u00eds donde aparecen s\u00edntomas de desnutrici\u00f3n infantil; con 567 desahucios diarios y con situaciones que empujan a las personas al suicidio ante la desesperaci\u00f3n. &nbsp;\u00a1No se puede seguir as\u00ed! <\/span><\/div>\n<div style=\"margin-bottom: .0001pt;margin-bottom: 0cm;margin-left: 14.2pt;margin-right: 6.95pt;margin-top: 0cm;text-align: justify;text-indent: 14.2pt\"><span style=\"font-size: 10.5pt\">No se puede seguir as\u00ed, cuando los planes de guerra social y la cat\u00e1strofe que los acompa\u00f1a contrastan con los continuos esc\u00e1ndalos de corrupci\u00f3n en el Gobierno, en las instituciones y con las ayudas millonarias que los banqueros reciben.&nbsp; <\/span><\/div>\n<div style=\"margin-bottom: .0001pt;margin-bottom: 0cm;margin-left: 14.2pt;margin-right: 6.95pt;margin-top: 0cm;text-align: justify;text-indent: 14.2pt\"><span style=\"font-size: 10.5pt\">No se puede seguir as\u00ed, cuando el gobierno, lejos de rectificar ante el rechazo social, anuncia nuevas medidas de recortes salariales, sociales y privatizaciones.<\/span><\/div>\n<div style=\"margin-bottom: .0001pt;margin-bottom: 0cm;margin-left: 14.2pt;margin-right: 6.95pt;margin-top: 0cm;text-align: justify;text-indent: 14.2pt\"><span style=\"font-size: 10.5pt\">Todos los gobiernos de la mal llamada \u201cUni\u00f3n Europea\u201d, al dictado de la Troika (BCE, UE y FMI), han hecho de la Deuda un mecanismo de expolio que sangra a los trabajadores y los pueblos. Han convertido la deuda de los banqueros y las multinacionales en deuda p\u00fablica. La deuda se paga con el hambre del pueblo y cuanto m\u00e1s pagamos m\u00e1s debemos. Despu\u00e9s de un infernal a\u00f1o de recortes como ha sido el 2012, en nombre de pagarla, despu\u00e9s del rescate millonarios de banqueros corruptos, la deuda p\u00fablica aument\u00f3 en 142.000 millones de euros.<\/span><\/div>\n<p><\/p>\n<div style=\"margin-bottom: .0001pt;margin-bottom: 0cm;margin-left: 14.2pt;margin-right: 6.95pt;margin-top: 0cm;text-align: justify;text-indent: 14.2pt\"><span style=\"font-size: 10.5pt\">&nbsp;<b>Acabar con este Gobierno<\/b> es una necesidad vital para los trabajadores\/as.<\/span><\/div>\n<div style=\"margin-bottom: .0001pt;margin-bottom: 0cm;margin-left: 14.2pt;margin-right: 6.95pt;margin-top: 0cm;text-align: justify;text-indent: 14.2pt\"><\/div>\n<div align=\"center\" style=\"margin-bottom: .0001pt;margin-bottom: 0cm;margin-left: 14.2pt;margin-right: 6.95pt;margin-top: 0cm;text-align: center;text-indent: 14.2pt\"><b><span style=\"font-size: 11.0pt\">UNIFICAR LA LUCHAS PARA ECHAR AL GOBIERNO<\/span><\/b><span style=\"font-size: 8.0pt\"><\/span><\/div>\n<div style=\"margin-bottom: .0001pt;margin-bottom: 0cm;margin-left: 14.2pt;margin-right: 6.95pt;margin-top: 0cm;text-align: justify;text-indent: 14.2pt\"><\/div>\n<div style=\"margin-bottom: .0001pt;margin-bottom: 0cm;margin-left: 14.2pt;margin-right: 6.95pt;margin-top: 0cm;text-align: justify;text-indent: 14.2pt\"><span style=\"font-size: 10.5pt\">Las huelgas y manifestaciones se suceden por todas partes. Madrid es hoy el mejor ejemplo de las innumerables manifestaciones que a diario se suceden. Sin embargo, por parte de los sindicatos institucionales y las organizaciones pol\u00edticas que les apoyan existe una pol\u00edtica de dividir las luchas, de remitirlas empresa a empresa o sector a sector, sin unificarlas ni en sus objetivos ni en sus calendarios de acci\u00f3n; hay una firme decisi\u00f3n de no querer poner en el centro de todas las exigencias el echar a este gobierno, responsable de esa situaci\u00f3n. Por esa v\u00eda las manifestaciones se convierten en un mareo que desgasta y conduce a un callej\u00f3n sin salida.<\/span><\/div>\n<div style=\"margin-bottom: .0001pt;margin-bottom: 0cm;margin-left: 14.2pt;margin-right: 6.95pt;margin-top: 0cm;text-align: justify;text-indent: 14.2pt\"><span style=\"font-size: 10.5pt\">Es necesario que todo el sindicalismo de clase y los movimientos sociales organicemos un <b>encuentro, democr\u00e1tico y desde<\/b> <b>la base,<\/b> que nos permita construir un referente social que unifique las luchas y levante un programa de medidas de emergencia ante la actual cat\u00e1strofe social.&nbsp;&nbsp;&nbsp;&nbsp; <\/span><\/div>\n<div style=\"margin-bottom: .0001pt;margin-bottom: 0cm;margin-left: 14.2pt;margin-right: 6.95pt;margin-top: 0cm;text-align: justify;text-indent: 14.2pt\"><\/div>\n<div align=\"center\" style=\"margin-bottom: .0001pt;margin-bottom: 0cm;margin-left: 14.2pt;margin-right: 6.95pt;margin-top: 0cm;text-align: center\"><b><span style=\"font-size: 11.0pt\">PLAN DE EMERGENCIA SOCIAL Y HUELGA GENERAL<\/span><\/b><\/div>\n<div style=\"margin-bottom: .0001pt;margin-bottom: 0cm;margin-left: 14.2pt;margin-right: 6.95pt;margin-top: 0cm;text-align: justify;text-indent: 14.2pt\"><\/div>\n<div style=\"margin-bottom: .0001pt;margin-bottom: 0cm;margin-left: 14.2pt;margin-right: 6.95pt;margin-top: 0cm;text-align: justify;text-indent: 14.2pt\"><span style=\"font-size: 10.5pt\">Como defendimos en la huelga general del 14N, la salida a la crisis no pasa por la b\u00fasqueda desesperada y reaccionaria de un Pacto social, esa pol\u00edtica nos ha llevado a donde estamos. Ni pasa por esperar a que en unas pr\u00f3ximas elecciones esto cambie.&nbsp; <\/span><\/div>\n<div style=\"margin-bottom: .0001pt;margin-bottom: 0cm;margin-left: 14.2pt;margin-right: 6.95pt;margin-top: 0cm;text-align: justify;text-indent: 14.2pt\"><span style=\"font-size: 10.5pt\">&nbsp; Seguimos diciendo que \u00a1s\u00ed se puede!, que \u00a1s\u00ed hay salida!, pero eso exige contraponer a la pol\u00edtica del gobierno un plan de medidas obreras y populares resueltamente anticapitalistas. Por eso defendemos:<\/span><\/div>\n<div style=\"margin-bottom: .0001pt;margin-bottom: 0cm;margin-left: 14.2pt;margin-right: 6.95pt;margin-top: 0cm;text-align: justify;text-indent: 14.2pt\"><b><span style=\"font-size: 10.5pt\">Derogaci\u00f3n de todos los Decretos de recortes<\/span><\/b><span style=\"font-size: 10.5pt\"> (sanidad, educaci\u00f3n, empleados p\u00fablicos); <b>Derogaci\u00f3n de la reforma laboral<\/b>;<b> NO al pago de la deuda y auditor\u00eda p\u00fablica de la misma<\/b>; <b>Ni un solo desahucio m\u00e1s, daci\u00f3n en pago y alquiler social<\/b>;<b> No al pacto social<\/b>;<b> Expropiaci\u00f3n de la banca y las industrias claves, para poner el cr\u00e9dito y la riqueza bajo control y al servicio de la inmensa mayor\u00eda<\/b>;<b> Prisi\u00f3n para los corruptos y corruptores, confiscaci\u00f3n de sus bienes.&nbsp; <\/b><\/span><\/div>\n<div style=\"margin-bottom: .0001pt;margin-bottom: 0cm;margin-left: 14.2pt;margin-right: 6.95pt;margin-top: 0cm;text-align: justify;text-indent: 14.2pt\"><span style=\"font-size: 10.5pt\">Y decimos una vez m\u00e1s que para lograr todo esto la lucha es el \u00fanico camino, y esto exige la preparaci\u00f3n de una nueva <b>huelga general sostenida,<\/b> hasta que el gobierno retire sus planes o los trabajadores y el pueblo echemos al gobierno.<\/span><\/div>\n<div style=\"margin-bottom: .0001pt;margin-bottom: 0cm;margin-left: 14.2pt;margin-right: 6.95pt;margin-top: 0cm;text-align: justify\"><\/div>\n<div align=\"center\" style=\"margin-bottom: .0001pt;margin-bottom: 0cm;margin-left: 14.2pt;margin-right: 6.95pt;margin-top: 0cm;text-align: center\"><b><span style=\"background: silver;font-size: 14.0pt\">EL 16 &nbsp;DE MARZO, A LA CALLE CONTRA LA EUROPA DE LOS MERCADOS<\/span><\/b><b><span style=\"font-size: 14.0pt\"><\/span><\/b><\/div>\n<div style=\"margin-bottom: .0001pt;margin-bottom: 0cm;margin-left: 14.2pt;margin-right: 6.95pt;margin-top: 0cm;text-align: justify;text-indent: 14.2pt\"><span style=\"font-size: 10.5pt\">&nbsp; <\/span><\/div>\n<div style=\"margin-bottom: .0001pt;margin-bottom: 0cm;margin-left: 14.2pt;margin-right: 6.95pt;margin-top: 0cm;text-align: justify;text-indent: 14.2pt\"><span style=\"font-size: 10.5pt\">Diferentes movimientos sociales han convocado manifestaciones en toda Europa para el pr\u00f3ximo d\u00eda 16 de Marzo, contra la Europa de los mercados.<\/span><\/div>\n<div style=\"margin-bottom: .0001pt;margin-bottom: 0cm;margin-left: 14.2pt;margin-right: 6.95pt;margin-top: 0cm;text-align: justify;text-indent: 14.2pt\"><span style=\"font-size: 10.5pt\">Desde el sindicalismo de clase apoyamos esta iniciativa, porque la actual Uni\u00f3n Europea no es m\u00e1s que una maquinaria de guerra social contra los trabajadores\/as y los pueblos. Es la uni\u00f3n de los banqueros y las multinacionales. Las pol\u00edticas que impone Rajoy no son m\u00e1s que los dictados de la Troika. El rechazo social a la UE ha venido creciendo en Portugal, Italia, Grecia, Francia\u2026 Aqu\u00ed ya no pueden negar que la percepci\u00f3n popular es cada vez de mayor desconfianza en la UE, al punto que as\u00ed lo manifiesta el 72% de la poblaci\u00f3n.<\/span><\/div>\n<div style=\"margin-bottom: .0001pt;margin-bottom: 0cm;margin-left: 14.2pt;margin-right: 6.95pt;margin-top: 0cm;text-align: justify;text-indent: 14.2pt\"><span style=\"font-size: 10.5pt\">Desde el sindicalismo de clase reafirmamos que la \u00fanica verdadera uni\u00f3n europea ser\u00e1 la <b>uni\u00f3n de los trabajadores\/as y los pueblos de Europa,<\/b> y esa uni\u00f3n exige <b>romper con esta maquinaria de guerra social que es la UE. <\/b><\/span><\/div>\n<div align=\"center\" style=\"margin-bottom: .0001pt;margin-bottom: 0cm;margin-left: 14.2pt;margin-right: 6.95pt;margin-top: 0cm;text-align: center;text-indent: 14.2pt\"><b><span style=\"font-size: 10.5pt\"><br \/><\/span><\/b><\/div>\n<div align=\"center\" style=\"margin-bottom: .0001pt;margin-bottom: 0cm;margin-left: 14.2pt;margin-right: 6.95pt;margin-top: 0cm;text-align: center;text-indent: 14.2pt\"><b><span style=\"font-size: 10.5pt\">POR LA UNIDAD DE LAS LUCHAS PARA ECHAR AL GOBIERNO<\/span><\/b><\/div>\n<div align=\"center\" style=\"margin-bottom: .0001pt;margin-bottom: 0cm;margin-left: 14.2pt;margin-right: 6.95pt;margin-top: 0cm;text-align: center;text-indent: 14.2pt\"><b><span style=\"font-size: 10.5pt\">UNIDAD DEL SINDICALISMO DE CLASE Y LOS MOVIMIENTOS SOCIALES<\/span><\/b><\/div>\n<div style=\"margin-bottom: .0001pt;margin-bottom: 0cm;margin-left: 14.2pt;margin-right: 6.95pt;margin-top: 0cm;text-align: justify;text-indent: 14.2pt\"><b style=\"text-indent: 7.1pt\"><span style=\"font-size: 14.0pt\"><br \/><\/span><\/b><b style=\"text-indent: 7.1pt\"><span style=\"font-size: 14.0pt\">PLATAFORMA UNITARIA&nbsp;<\/span><\/b><\/div>\n<div style=\"margin-bottom: .0001pt;margin-bottom: 0cm;margin-left: 14.2pt;margin-right: 6.95pt;margin-top: 0cm;text-align: justify;text-indent: 14.2pt\"><b><span style=\"font-size: 14.0pt\"><span style=\"color: red\">HAY QUE PARARLES LOS PIES<\/span>&nbsp;&nbsp;&nbsp; <\/span><\/b><b><span style=\"font-size: 10.0pt\">13\/03\/2013<\/span><\/b><b><span style=\"font-size: 14.0pt\"><\/span><\/b><\/div>\n<\/div>\n<\/div>\n","protected":false},"excerpt":{"rendered":"<div class=\"mh-excerpt\">Hay que echar al Gobierno y a la Troika&nbsp; S\u00c1BADO 16 DE MARZO18,00 HORAS PLAZA DE ESPA\u00d1A &#8211; SOL o acabamos con ellos o acaban con nosotros Con seis millones de desempleados, dos millones de <a class=\"mh-excerpt-more\" href=\"https:\/\/www.sitescobas.es\/indra\/2013\/03\/16\/manifestacion-sabado-16-de-marzo-2013\/\" title=\"Manifestaci\u00f3n s\u00e1bado 16 de marzo 2013\">[&#8230;]<\/a><\/div>\n","protected":false},"author":2,"featured_media":237,"comment_status":"open","ping_status":"closed","sticky":false,"template":"","format":"standard","meta":{"_kadence_starter_templates_imported_post":false,"footnotes":""},"categories":[29],"tags":[27],"class_list":{"0":"post-110","1":"post","2":"type-post","3":"status-publish","4":"format-standard","5":"has-post-thumbnail","7":"category-sociedad","8":"tag-protesta"},"_links":{"self":[{"href":"https:\/\/www.sitescobas.es\/indra\/wp-json\/wp\/v2\/posts\/110","targetHints":{"allow":["GET"]}}],"collection":[{"href":"https:\/\/www.sitescobas.es\/indra\/wp-json\/wp\/v2\/posts"}],"about":[{"href":"https:\/\/www.sitescobas.es\/indra\/wp-json\/wp\/v2\/types\/post"}],"author":[{"embeddable":true,"href":"https:\/\/www.sitescobas.es\/indra\/wp-json\/wp\/v2\/users\/2"}],"replies":[{"embeddable":true,"href":"https:\/\/www.sitescobas.es\/indra\/wp-json\/wp\/v2\/comments?post=110"}],"version-history":[{"count":0,"href":"https:\/\/www.sitescobas.es\/indra\/wp-json\/wp\/v2\/posts\/110\/revisions"}],"wp:featuredmedia":[{"embeddable":true,"href":"https:\/\/www.sitescobas.es\/indra\/wp-json\/"}],"wp:attachment":[{"href":"https:\/\/www.sitescobas.es\/indra\/wp-json\/wp\/v2\/media?parent=110"}],"wp:term":[{"taxonomy":"category","embeddable":true,"href":"https:\/\/www.sitescobas.es\/indra\/wp-json\/wp\/v2\/categories?post=110"},{"taxonomy":"post_tag","embeddable":true,"href":"https:\/\/www.sitescobas.es\/indra\/wp-json\/wp\/v2\/tags?post=110"}],"curies":[{"name":"wp","href":"https:\/\/api.w.org\/{rel}","templated":true}]}}