{"id":1059,"date":"2015-10-20T13:15:39","date_gmt":"2015-10-20T11:15:39","guid":{"rendered":"http:\/\/cobasindra.org\/?p=1059"},"modified":"2015-10-20T13:15:39","modified_gmt":"2015-10-20T11:15:39","slug":"marchas-de-la-dignidad-jueves-22","status":"publish","type":"post","link":"https:\/\/www.sitescobas.es\/indra\/2015\/10\/20\/marchas-de-la-dignidad-jueves-22\/","title":{"rendered":"Marchas de la Dignidad, Jueves 22"},"content":{"rendered":"<p>Como ya sabr\u00e9is este pr\u00f3ximo jueves 22 de octubre vuelven las\u00a0<strong>Marchas de la Dignidad<\/strong>\u00a0a Madrid, en una jornada de lucha en la que participaremos el sindicato\u00a0<span style=\"color: #ff0000\"><strong>co.bas<\/strong><\/span>, s\u00ed como l@s compa\u00f1er@s de\u00a0<strong>IndraEnLucha<\/strong><\/p>\n<p>Planing d\u00eda 22:<\/p>\n<p>&#8211; Hay una concentraci\u00f3n del sindicalismo de clase por la Remunicipalizaci\u00f3n de los Servicios y contra los despidos de Madrid R\u00edo en la Pza de Cibeles a las 18:00. Estar\u00e1n parte de l@s compa\u00f1er@s de\u00a0<span style=\"color: #ff0000\"><strong>co.bas<\/strong><\/span><\/p>\n<p>&nbsp;<\/p>\n<p>&#8211; Desde\u00a0<strong>Unificando Las Luchas<\/strong>\u00a0se ha tratado de juntar al mayor n\u00famero posible de conflictos para ir tod@s junt@s y el acuerdo es el siguiente:<br \/>\nRecibiendo a la Columna del sur y a la del sur-este estar\u00e1 Unificando Las Luchas y entraremos las empresas en graves conflictos, actualmente (Coca-Cola,\u00a0<strong>INDRA<\/strong>, Movistar, Vodafone&#8230; y todos los que se quieran apuntar).<\/p>\n<p>Quedaremos en la Gta. Marques de Vadillo (Metro Marqu\u00e9s de Vadillo) a las\u00a0<strong>17:45<\/strong>\u00a0con intenci\u00f3n de salir a las\u00a0<strong>18:00<\/strong><\/p>\n<p>Nos veremos con el resto de l@s compas de\u00a0<span style=\"color: #ff0000\"><strong>co.bas<\/strong><\/span>\u00a0y resto de columnas en SOL tod@s con las camisetas moradas a las\u00a0<strong>19:30<\/strong><\/p>\n<p>&nbsp;<\/p>\n<figure id=\"attachment_1061\" aria-describedby=\"caption-attachment-1061\" style=\"width: 591px\" class=\"wp-caption aligncenter\"><a href=\"http:\/\/cobasindra.org\/wp-content\/uploads\/2015\/10\/ruta-22O.jpg\"><img loading=\"lazy\" decoding=\"async\" class=\" wp-image-1061\" src=\"http:\/\/cobasindra.org\/wp-content\/uploads\/2015\/10\/ruta-22O-722x1024.jpg\" alt=\"Ruta Marchas Dignidad\" width=\"591\" height=\"838\" \/><\/a><figcaption id=\"caption-attachment-1061\" class=\"wp-caption-text\">Ruta Marchas Dignidad<\/figcaption><\/figure>\n<div><\/div>\n<h2 id=\"yui_3_16_0_1_1445406123091_13378\" style=\"text-align: center\"><strong>\u00a1\u00a1 CONTAMOS CON TU PRESENCIA !!<\/strong><\/h2>\n<h2 id=\"yui_3_16_0_1_1445406123091_13379\" style=\"text-align: center\"><strong>\u00a1\u00a1 ES HORA DE VOLVER A SALIR A LA CALLE !!<\/strong><\/h2>\n<h2 style=\"text-align: center\"><strong>\u00a1\u00a1 TOD@S CON NUESTRAS CAMISETAS<\/strong><strong>!!<\/strong><\/h2>\n<h2 id=\"yui_3_16_0_1_1445406123091_13379\" style=\"text-align: center\"><strong>!!<\/strong><strong>NO al \u20acRE en INDRA !!<\/strong><\/h2>\n","protected":false},"excerpt":{"rendered":"<div class=\"mh-excerpt\">Como ya sabr\u00e9is este pr\u00f3ximo jueves 22 de octubre vuelven las\u00a0Marchas de la Dignidad\u00a0a Madrid, en una jornada de lucha en la que participaremos el sindicato\u00a0co.bas, s\u00ed como l@s compa\u00f1er@s de\u00a0IndraEnLucha Planing d\u00eda 22: &#8211; <a class=\"mh-excerpt-more\" href=\"https:\/\/www.sitescobas.es\/indra\/2015\/10\/20\/marchas-de-la-dignidad-jueves-22\/\" title=\"Marchas de la Dignidad, Jueves 22\">[&#8230;]<\/a><\/div>\n","protected":false},"author":2,"featured_media":1060,"comment_status":"open","ping_status":"closed","sticky":false,"template":"","format":"standard","meta":{"_kadence_starter_templates_imported_post":false,"footnotes":""},"categories":[13],"tags":[32,45,27,26],"class_list":{"0":"post-1059","1":"post","2":"type-post","3":"status-publish","4":"format-standard","5":"has-post-thumbnail","7":"category-cobas-indra","8":"tag-despidos","9":"tag-ere-en-indra","10":"tag-protesta","11":"tag-sindicatos"},"_links":{"self":[{"href":"https:\/\/www.sitescobas.es\/indra\/wp-json\/wp\/v2\/posts\/1059","targetHints":{"allow":["GET"]}}],"collection":[{"href":"https:\/\/www.sitescobas.es\/indra\/wp-json\/wp\/v2\/posts"}],"about":[{"href":"https:\/\/www.sitescobas.es\/indra\/wp-json\/wp\/v2\/types\/post"}],"author":[{"embeddable":true,"href":"https:\/\/www.sitescobas.es\/indra\/wp-json\/wp\/v2\/users\/2"}],"replies":[{"embeddable":true,"href":"https:\/\/www.sitescobas.es\/indra\/wp-json\/wp\/v2\/comments?post=1059"}],"version-history":[{"count":0,"href":"https:\/\/www.sitescobas.es\/indra\/wp-json\/wp\/v2\/posts\/1059\/revisions"}],"wp:featuredmedia":[{"embeddable":true,"href":"https:\/\/www.sitescobas.es\/indra\/wp-json\/"}],"wp:attachment":[{"href":"https:\/\/www.sitescobas.es\/indra\/wp-json\/wp\/v2\/media?parent=1059"}],"wp:term":[{"taxonomy":"category","embeddable":true,"href":"https:\/\/www.sitescobas.es\/indra\/wp-json\/wp\/v2\/categories?post=1059"},{"taxonomy":"post_tag","embeddable":true,"href":"https:\/\/www.sitescobas.es\/indra\/wp-json\/wp\/v2\/tags?post=1059"}],"curies":[{"name":"wp","href":"https:\/\/api.w.org\/{rel}","templated":true}]}}