{"id":104,"date":"2013-04-22T16:00:00","date_gmt":"2013-04-22T16:00:00","guid":{"rendered":"http:\/\/pruebas.cobasindra.org\/?p=104"},"modified":"2013-04-22T16:00:00","modified_gmt":"2013-04-22T16:00:00","slug":"sobre-el-ii-aenc-y-la-representatividad-real-de-los-sindicatos-mayoritarios","status":"publish","type":"post","link":"https:\/\/www.sitescobas.es\/indra\/2013\/04\/22\/sobre-el-ii-aenc-y-la-representatividad-real-de-los-sindicatos-mayoritarios\/","title":{"rendered":"Sobre el II AENC y la \u201crepresentatividad real\u201d de los sindicatos mayoritarios"},"content":{"rendered":"<p><\/p>\n<div style=\"text-align: justify\"><span style=\"font-size: 10.0pt\">El pasado 25 de enero de 2012 fue firmado el II Acuerdo Por el Empleo y la Negociaci\u00f3n Colectiva (AENC) por las patronales CEOE, CEPYME y <b>las direcciones<\/b> de los sindicatos CCOO y UGT que fijan las bases de los convenios que afectan a tod@s l@s trabajador@s, y tras un a\u00f1o de ese acuerdo nos gustar\u00eda informar de su importancia.<\/span><\/div>\n<div style=\"text-align: justify\"><span style=\"font-size: 10.0pt\"><br \/><\/span><\/div>\n<div style=\"text-align: justify\"><span style=\"font-size: 10.0pt\">Dicho acuerdo viene a suponer un tremendo ataque contra la clase trabajadora y a la ya de por s\u00ed precaria situaci\u00f3n negociadora entre trabajadores y empresarios, pues el II AENC le otorga todas las reivindicaciones hist\u00f3ricas a la Patronal, dejando las condiciones de los trabajadores en manos de los empresarios. El acuerdo modifica las relaciones entre representaci\u00f3n legal de los trabajadores y empresarios, las causas ante las cuales la patronal podr\u00e1 modificar las condiciones laborales a su casi libre antojo y las retribuciones salariales por el trabajo. B\u00e1sicamente, tira por tierra todo y lo deja, legalmente, bajo el \u00fanico amparo de la buena voluntad del empresario.<\/span><\/div>\n<div style=\"text-align: justify\"><span style=\"font-size: 10.0pt\"><br \/><\/span><\/div>\n<div style=\"text-align: justify\"><span style=\"font-size: 10.0pt\">El primer punto alarmante es que fomenta la atomizaci\u00f3n de la clase trabajadora mediante la destrucci\u00f3n de los convenios colectivos sectoriales, en beneficio de los convenios empresariales, imposibilitando as\u00ed cualquier respuesta unitaria de los trabajadores de un sector ante un posible recorte de condiciones laborales. Llevar la negociaci\u00f3n a las empresas dificulta la uni\u00f3n de los trabajadores de un sector ante un conflicto dado y se aprovecha, nuevamente, de la diferencia de fuerza negociadora.<\/span><\/div>\n<div style=\"text-align: justify\"><span style=\"font-size: 10.0pt\"><br \/><\/span><\/div>\n<div style=\"text-align: justify\"><span style=\"font-size: 10.0pt\">El II AENC, con la firma de CCOO y UGT, abre la v\u00eda a la reducci\u00f3n salarial en base a la situaci\u00f3n econ\u00f3mica de la empresa &#8211; actual o futura -, pudiendo realizar una reducci\u00f3n salarial si el empresario tiene menos beneficios o prev\u00e9 p\u00e9rdidas. Igualmente, posibilita la modificaci\u00f3n de las condiciones laborales: cambios de jornada, aumento de la duraci\u00f3n de las mismas seg\u00fan requerimiento de la empresa, trabajos fuera de categor\u00eda etc. Aboga por eliminar lo que considera \u201ccomplementos obsoletos\u201d no sujetos a la productividad, como es la antig\u00fcedad, \u00fanico complemento que a d\u00eda de hoy supone un incremento salarial en los trabajadores del sector. Elimina tambi\u00e9n las categor\u00edas en funci\u00f3n de la formaci\u00f3n y crea las \u201cdivisiones funcionales\u201d, un t\u00e9rmino ambiguo bajo el cual se podr\u00e1 colar pr\u00e1cticamente cualquier trabajo que ahora mismo se imposibilita por estar por encima o por debajo de la categor\u00eda. <b><u>Este acuerdo da a las empresas lo que el Tribunal Supremo les est\u00e1 quitando: la raz\u00f3n en torno a la absorci\u00f3n de complementos por derechos adquiridos.<\/u><\/b><\/span><\/div>\n<div style=\"text-align: justify\"><span style=\"font-size: 10.0pt\"><b><u><br \/><\/u><\/b><\/span><\/div>\n<div style=\"text-align: justify\"><span style=\"font-size: 10.0pt\">Promueve tambi\u00e9n la creaci\u00f3n de los minijobs, la externalizaci\u00f3n de producci\u00f3n en todos los niveles, hasta el punto al que estamos acostumbrados en el sector TIC y, peor a\u00fan, lo legaliza permitiendo el trabajo en un mismo centro de personas de empresas matriz y subcontratadas. En cuanto a los salarios, el II AENC establece unas <b><u>\u201csubidas\u201d salariales del 0% para 2012, 0,5% para 2013 y 0,6% para 2014<\/u><\/b>. Esta es la propuesta que llevan a la mesa de negociaci\u00f3n del XVII Convenio tal y como se indica en la encuesta de COMFIA-CCOO (<a href=\"http:\/\/www.comfia.info\/limesurvey\/index.php\">http:\/\/www.comfia.info\/limesurvey\/index.php<\/a>) con la siguiente pregunta:<\/span><\/div>\n<div style=\"text-align: justify\"><i><span lang=\"ES-TRAD\" style=\"background: white;font-size: 8.0pt\">\u00bf<b>Sabes que las reivindicaciones principales son la subida salarial para a\u00f1os anteriores y pr\u00f3ximos <u>en referencia seg\u00fan AENC<\/u><\/b> (Acuerdo para el Empleo y Negociaci\u00f3n Colectiva) y una nueva clasificaci\u00f3n profesional?<\/span><\/i><i><span lang=\"ES-TRAD\" style=\"font-size: 8.0pt\"><\/span><\/i><\/div>\n<div style=\"text-align: justify\"><i><span lang=\"ES-TRAD\" style=\"background: white;font-size: 8.0pt\"><br \/><\/span><\/i><\/div>\n<div style=\"text-align: justify\"><b><span style=\"font-size: 10.0pt\">Como moneda de cambio a esta traici\u00f3n perpetrada a la clase trabajadora<\/span><\/b><span style=\"font-size: 10.0pt\"> por parte de la Patronal, CCOO y UGT, <b>el II AENC le otorga a los dos sindicatos firmantes la capacidad para negociar en las empresas en las que no tengan presencia legal.<\/b> Si la empresa no tiene comit\u00e9, aunque tenga secciones sindicales, a la hora de negociar un cambio en las condiciones laborales ser\u00e1n estos sindicatos, y no los constituidos en la empresa, los que tengan poder de decisi\u00f3n con la empresa. Es, b\u00e1sicamente, un golpe de estado de la Patronal, en connivencia con ambos sindicatos. Y esta en\u00e9sima claudicaci\u00f3n y enga\u00f1o de estos sindicatos, al igual que hicieron con el pensionazo, <b><u>lo realizan en nombre de una clase trabajadora que, mayoritariamente, no se siente representada por ellos<\/u><\/b>y habiendo perdido entre ambos en torno al medio mill\u00f3n de afiliados en este periodo de crisis econ\u00f3mica, aparte del descr\u00e9dito social, ganado a pulso.<b><\/b><\/span><\/div>\n<div style=\"text-align: justify\"><span style=\"font-size: 10.0pt\"><br \/><\/span><\/div>\n<p><b><\/p>\n<div style=\"text-align: justify\"><b><span style=\"font-size: 10.0pt\">Es momento de que los trabajadores nos impliquemos y engrosemos las filas del sindicalismo combativo, alternativo y de clase, pues o nosotros &#8211; los trabajadores y nuestras organizaciones \u2013 nos defendemos a nosotros mismos y a nuestros derechos o la Patronal y su Estado montar\u00e1n y otorgar\u00e1n prerrogativas a sus sindicatos \u2013 CCOO y UGT &#8211; para legitimar su pol\u00edtica de imposici\u00f3n y de explotaci\u00f3n m\u00e1xima de los trabajadores.<\/span><\/b><\/div>\n<div style=\"text-align: justify\">\n<div style=\"clear: both;text-align: center\"><a href=\"http:\/\/cobasindra.org\/wp-content\/uploads\/2014\/02\/comunic_cobas.jpg\" style=\"margin-left: 1em;margin-right: 1em\"><img decoding=\"async\" border=\"0\" src=\"http:\/\/cobasindra.org\/wp-content\/uploads\/2014\/02\/comunic_cobas.jpg\" \/><\/a><a href=\"http:\/\/cobasindra.org\/wp-content\/uploads\/2013\/04\/comunic_CGT.jpg\" style=\"margin-left: 1em;margin-right: 1em\"><img decoding=\"async\" border=\"0\" src=\"http:\/\/cobasindra.org\/wp-content\/uploads\/2013\/04\/comunic_CGT.jpg\" \/><\/a><a href=\"http:\/\/cobasindra.org\/wp-content\/uploads\/2013\/04\/comunic_csc.jpg\" style=\"margin-left: 1em;margin-right: 1em\"><img decoding=\"async\" border=\"0\" src=\"http:\/\/cobasindra.org\/wp-content\/uploads\/2013\/04\/comunic_csc.jpg\" \/><\/a><\/div>\n<p><b><span style=\"font-size: 10.0pt\"><br \/><\/span><\/b><\/div>\n<div style=\"clear: both;text-align: center\"><a href=\"http:\/\/cobasindra.org\/wp-content\/uploads\/2013\/04\/comunic_csi.jpg\" style=\"margin-left: 1em;margin-right: 1em\"><img decoding=\"async\" border=\"0\" src=\"http:\/\/cobasindra.org\/wp-content\/uploads\/2013\/04\/comunic_csi.jpg\" \/><\/a><a href=\"http:\/\/cobasindra.org\/wp-content\/uploads\/2013\/04\/comunic_so.jpg\" style=\"margin-left: 1em;margin-right: 1em\"><img decoding=\"async\" border=\"0\" src=\"http:\/\/cobasindra.org\/wp-content\/uploads\/2013\/04\/comunic_so.jpg\" \/><\/a><\/div>\n<p><\/p>\n<div style=\"text-align: justify\">\n<div align=\"center\" style=\"margin-bottom: .0001pt;margin-bottom: 0cm;text-align: center\"><b><span style=\"font-family: Arial, sans-serif;font-size: 8pt\">Comisiones de Base (<\/span><\/b><b><span style=\"color: red;font-size: 8.0pt\">Co.Bas<\/span><\/b><b><span style=\"font-family: Arial, sans-serif;font-size: 8pt\">) \u2013 Coordinadora de Inform\u00e1tica de (<\/span><\/b><b><span style=\"color: red;font-size: 8.0pt\">CGT<\/span><\/b><b><span style=\"font-family: Arial, sans-serif;font-size: 8pt\">) \u2013 Coordinadora Sindical de Clase (<\/span><\/b><b><span style=\"color: red;font-size: 8.0pt\">CSC<\/span><\/b><b><span style=\"font-family: Arial, sans-serif;font-size: 8pt\">) \u2013 Corriente Sindical d\u2019Izquierda (<\/span><\/b><b><span style=\"color: red;font-size: 8.0pt\">CSI<\/span><\/b><b><span style=\"font-family: Arial, sans-serif;font-size: 8pt\">) \u2013 Solidaridad Obrera<\/span><\/b><span style=\"font-size: 8.0pt\"><\/span><\/div>\n<\/div>\n<p><\/b><\/p>\n","protected":false},"excerpt":{"rendered":"<div class=\"mh-excerpt\">El pasado 25 de enero de 2012 fue firmado el II Acuerdo Por el Empleo y la Negociaci\u00f3n Colectiva (AENC) por las patronales CEOE, CEPYME y las direcciones de los sindicatos CCOO y UGT que <a class=\"mh-excerpt-more\" href=\"https:\/\/www.sitescobas.es\/indra\/2013\/04\/22\/sobre-el-ii-aenc-y-la-representatividad-real-de-los-sindicatos-mayoritarios\/\" title=\"Sobre el II AENC y la \u201crepresentatividad real\u201d de los sindicatos mayoritarios\">[&#8230;]<\/a><\/div>\n","protected":false},"author":2,"featured_media":152,"comment_status":"open","ping_status":"closed","sticky":false,"template":"","format":"standard","meta":{"_kadence_starter_templates_imported_post":false,"footnotes":""},"categories":[13],"tags":[25,26],"class_list":{"0":"post-104","1":"post","2":"type-post","3":"status-publish","4":"format-standard","5":"has-post-thumbnail","7":"category-cobas-indra","8":"tag-n-convenio-consultoria","9":"tag-sindicatos"},"_links":{"self":[{"href":"https:\/\/www.sitescobas.es\/indra\/wp-json\/wp\/v2\/posts\/104","targetHints":{"allow":["GET"]}}],"collection":[{"href":"https:\/\/www.sitescobas.es\/indra\/wp-json\/wp\/v2\/posts"}],"about":[{"href":"https:\/\/www.sitescobas.es\/indra\/wp-json\/wp\/v2\/types\/post"}],"author":[{"embeddable":true,"href":"https:\/\/www.sitescobas.es\/indra\/wp-json\/wp\/v2\/users\/2"}],"replies":[{"embeddable":true,"href":"https:\/\/www.sitescobas.es\/indra\/wp-json\/wp\/v2\/comments?post=104"}],"version-history":[{"count":0,"href":"https:\/\/www.sitescobas.es\/indra\/wp-json\/wp\/v2\/posts\/104\/revisions"}],"wp:featuredmedia":[{"embeddable":true,"href":"https:\/\/www.sitescobas.es\/indra\/wp-json\/"}],"wp:attachment":[{"href":"https:\/\/www.sitescobas.es\/indra\/wp-json\/wp\/v2\/media?parent=104"}],"wp:term":[{"taxonomy":"category","embeddable":true,"href":"https:\/\/www.sitescobas.es\/indra\/wp-json\/wp\/v2\/categories?post=104"},{"taxonomy":"post_tag","embeddable":true,"href":"https:\/\/www.sitescobas.es\/indra\/wp-json\/wp\/v2\/tags?post=104"}],"curies":[{"name":"wp","href":"https:\/\/api.w.org\/{rel}","templated":true}]}}