{"id":103,"date":"2013-04-22T17:00:00","date_gmt":"2013-04-22T17:00:00","guid":{"rendered":"http:\/\/pruebas.cobasindra.org\/?p=103"},"modified":"2013-04-22T17:00:00","modified_gmt":"2013-04-22T17:00:00","slug":"sabias-que-2","status":"publish","type":"post","link":"https:\/\/www.sitescobas.es\/indra\/2013\/04\/22\/sabias-que-2\/","title":{"rendered":"Sab\u00edas que &#8230;"},"content":{"rendered":"<p><\/p>\n<div style=\"margin-bottom: 0pt;margin-left: 14.1732pt;text-align: justify;text-align: justify;text-indent: -14.1732pt\"><span style=\"direction: ltr;font-family: Symbol;font-size: 11pt\">\u00b7<\/span><span style=\"width: 9.5pt\">&nbsp;<\/span><span lang=\"es\" style=\"font-family: Arial;font-size: 10pt;font-weight: bold\">Los tribunales ponen l\u00edmites a la Reforma Laboral: <\/span><span lang=\"es\" style=\"font-family: Arial;font-size: 10pt\">Los jueces echan atr\u00e1s aquellos&nbsp; despidos colectivos donde se comprueba aspectos formales b\u00e1sicos como los siguientes:<\/span><\/div>\n<div style=\"margin-bottom: 0pt;margin-left: 36.0pt;text-indent: -14.1732pt\"><\/div>\n<div style=\"margin-bottom: 0pt;margin-left: 14.1732pt;text-align: justify;text-align: justify\"><span style=\"direction: ltr;font-family: Symbol;font-size: 10pt\">&#8211;<\/span>&nbsp;<span lang=\"es\" style=\"font-family: Arial;font-size: 10pt\"> <\/span><span lang=\"es\" style=\"font-family: Arial;font-size: 10.0pt;font-style: italic\">La empresa no ha negociado con los representantes legales de los trabajadores, ha incumplido el periodo de consultas, lo ha considerado un mero tr\u00e1mite o ha negociado de mala fe. <\/span><span lang=\"es\" style=\"font-family: Arial;font-size: 10pt;font-style: italic\"><\/span><\/div>\n<div style=\"margin-bottom: 0pt;margin-left: 14.1732pt;text-align: justify;text-align: justify\"><\/div>\n<div style=\"margin-bottom: 0pt;margin-left: 14.1732pt;text-align: justify;text-align: justify\"><span style=\"direction: ltr;font-family: Symbol;font-size: 10pt\">&#8211;<\/span>&nbsp;<span lang=\"es\" style=\"font-family: Arial;font-size: 10.0pt;font-style: italic\"> Existe un grupo empresarial m\u00e1s amplio que el que se toma en consideraci\u00f3n para tramitar el ERE.<\/span><\/div>\n<div style=\"margin-bottom: 0pt;margin-left: 14.1732pt;text-align: justify;text-align: justify\"><\/div>\n<div style=\"margin-bottom: 0pt;margin-left: 14.1732pt;text-align: justify;text-align: justify\"><span style=\"direction: ltr;font-family: Symbol;font-size: 10pt\">&#8211;<\/span>&nbsp;<span lang=\"es\" style=\"font-family: Arial;font-size: 10.0pt;font-style: italic\"> Falta de aportaci\u00f3n de la documentaci\u00f3n&nbsp;econ\u00f3mica y financiera necesaria para que los representantes de los trabajadores estudien la situaci\u00f3n de la empresa.<\/span><span lang=\"es\" style=\"font-family: Arial;font-size: 10.0pt\"><\/span><\/div>\n<div style=\"margin-bottom: 0pt;margin-left: 14.1732pt;text-align: justify;text-align: justify\"><\/div>\n<div style=\"margin-bottom: 0pt;margin-left: 54.0pt;text-indent: -18.0pt\"><a href=\"http:\/\/www.eldiario.es\/economia\/tribunales-moldean-reforma-laboral_0_114789089.html\"><span lang=\"es\" style=\"font-family: Arial;font-size: 10pt\">http:\/\/www.eldiario.es\/economia\/tribunales-moldean-reforma-laboral_0_114789089.html<\/span><\/a><span lang=\"es\" style=\"color: #1f497d;font-family: Arial;font-size: 10.0pt\"> <\/span><\/div>\n<div style=\"margin-bottom: 0pt;margin-left: 54.0pt;text-indent: -18.0pt\"><\/div>\n<div style=\"margin-bottom: 0pt;margin-left: 14.1732pt;text-align: justify;text-align: justify;text-indent: -14.1732pt\"><span style=\"direction: ltr;font-family: Symbol;font-size: 11pt\">\u00b7<\/span><span style=\"width: 9.5pt\">&nbsp;<\/span><span lang=\"es\" style=\"font-family: Arial;font-size: 10pt;font-weight: bold\">D\u00eda de la Mujer Trabajadora<\/span><span lang=\"es\" style=\"font-family: Arial;font-size: 10pt\">: Desde la Secretar\u00eda de la Mujer de <\/span><span lang=\"es\" style=\"color: #ff3300;font-family: Arial;font-size: 10.0pt;font-weight: bold\">Co.Bas <\/span><span lang=\"es\" style=\"font-family: Arial;font-size: 10pt\">se organizaron una serie de acciones: <\/span><\/div>\n<div style=\"margin-bottom: 0pt;text-align: justify;text-align: justify\"><\/div>\n<div style=\"margin-bottom: 0pt;margin-left: 14.1732pt;text-align: justify;text-align: justify\"><span style=\"direction: ltr;font-family: Symbol;font-size: 11pt\">&#8211;<\/span>&nbsp;<span lang=\"es\" style=\"font-family: Arial;font-size: 10.0pt;font-style: italic\"> 8 de marzo: cortejo por el centro de Madrid&nbsp; para protestar contra la Reforma Laboral, que ha ahondado m\u00e1s las diferencias entre las condiciones laborales de hombres y mujeres y est\u00e1 provocando m\u00e1s precariedad en este sector de la sociedad, y que ha convertido la conciliaci\u00f3n e igualdad en un arma de amenaza para el despido m\u00e1s que una meta a conseguir.<\/span><span lang=\"es\" style=\"font-family: Arial;font-size: 10.0pt;font-style: italic\"><\/span><\/div>\n<div style=\"margin-bottom: 0pt;margin-left: 14.1732pt;text-align: justify;text-align: justify\"><\/div>\n<div style=\"margin-bottom: 0pt;margin-left: 14.1732pt;text-align: justify;text-align: justify\"><span style=\"color: #333333;direction: ltr;font-family: Symbol;font-size: 11.0pt\">&#8211;<\/span>&nbsp;<span lang=\"es\" style=\"font-family: Arial;font-size: 10.0pt;font-style: italic\"> 20 de marzo: charla con el lema&nbsp; \u201c<\/span><span lang=\"es\" style=\"font-family: Arial;font-size: 10.0pt;font-style: italic;font-weight: bold\">Contra el machismo y la explotaci\u00f3n<\/span><span lang=\"es\" style=\"font-family: Arial;font-size: 10.0pt;font-style: italic\">\u201d . Ana Rosa (militante del Movimiento Mujeres en lucha de la CSP-CONLUTAS de Brasil) <\/span><span lang=\"es\" style=\"font-family: Arial;font-size: 10.0pt;font-style: italic\">nos obsequi\u00f3 con su experiencia y nos explic\u00f3 su manera de organizarse y el trabajo que est\u00e1n haciendo, y el avance que ha supuesto para las cientos de trabajadoras que han dado este paso, integr\u00e1ndose en <\/span><span lang=\"es\" style=\"font-family: Arial;font-size: 10pt;font-style: italic\">el movimiento sindical y popular, en defensa de sus derechos.<\/span><span lang=\"es\" style=\"color: #333333;font-family: Arial;font-size: 10.0pt;font-style: italic\"><\/span><\/div>\n<div style=\"margin-bottom: 0pt\"><\/div>\n<div style=\"margin-bottom: 0pt;margin-left: 14.1732pt;text-align: justify;text-align: justify;text-indent: -14.1732pt\"><a href=\"http:\/\/cobasindra.org\/wp-content\/uploads\/2013\/04\/201304_05_manifa.jpg\" style=\"clear: left;float: left;margin-bottom: 1em;margin-right: 1em\"><img loading=\"lazy\" decoding=\"async\" border=\"0\" height=\"320\" src=\"http:\/\/cobasindra.org\/wp-content\/uploads\/2013\/04\/201304_05_manifa-266x300.jpg\" width=\"281\" \/><\/a><span style=\"direction: ltr;font-family: Symbol;font-size: 11pt\">\u00b7<\/span><span style=\"width: 9.5pt\">&nbsp;<\/span><span lang=\"es\" style=\"font-family: Arial;font-size: 10pt;font-weight: bold\">Co.Bas estuvo en la manifestaci\u00f3n del pasado 16 marzo por el centro de Madrid<\/span><span lang=\"es\" style=\"font-family: Arial;font-size: 10pt\">. <\/span><\/div>\n<div style=\"margin-bottom: 0pt;text-align: justify;text-align: justify\"><\/div>\n<div style=\"margin-bottom: 0pt;margin-left: 14.1732pt;text-align: justify;text-align: justify\">\n<div style=\"text-align: justify\"><span lang=\"es\" style=\"font-family: Arial;font-size: 10pt\"><br \/><\/span><\/div>\n<div style=\"text-align: justify\"><span lang=\"es\" style=\"font-family: Arial;font-size: 10pt\">Se celebraron manifestaciones en diversos puntos de Europa para protestar contra la Troika y sus gobiernos.<\/span><\/div>\n<div style=\"text-align: justify\"><span lang=\"es\" style=\"font-family: Arial;font-size: 10pt\"><br \/><\/span><\/div>\n<div style=\"text-align: justify\"><span lang=\"es\" style=\"font-family: Arial;font-size: 10pt\"><br \/><\/span><\/div>\n<div style=\"text-align: justify\"><span lang=\"es\" style=\"font-family: Arial;font-size: 10pt\"><br \/><\/span><\/div>\n<div style=\"text-align: justify\"><span lang=\"es\" style=\"font-family: Arial;font-size: 10pt\">Desde <\/span><span lang=\"es\" style=\"color: #ff3300;font-family: Arial;font-size: 10.0pt;font-weight: bold\">Co.Bas <\/span><span lang=\"es\" style=\"font-family: Arial;font-size: 10pt\">apoyamos estas jornadas de lucha&nbsp;<\/span><span style=\"font-family: Arial;font-size: 10pt\">porque  consideramos importante que los trabajadores&nbsp;<\/span><span style=\"font-family: Arial;font-size: 10pt\">manifestemos con absoluta claridad el rechazo a esta&nbsp;<\/span><span style=\"font-family: Arial;font-size: 10pt\">uni\u00f3n de banqueros &nbsp;y multinacionales en esta Europa&nbsp;<\/span><span lang=\"es\" style=\"font-family: Arial;font-size: 10pt\">de los capitalistas.<\/span><span style=\"font-family: Arial;font-size: 10pt\">&nbsp;<\/span><\/div>\n<\/div>\n<div style=\"margin-bottom: 0pt;text-align: justify;text-align: justify\">\n<div style=\"text-align: justify\"><\/div>\n<\/div>\n<div style=\"margin-bottom: 0pt;text-align: justify;text-align: justify\">\n<p><\/div>\n<div style=\"margin-bottom: 0pt;margin-left: 14.1732pt;text-align: justify;text-align: justify;text-indent: -14.1732pt\">\n<div style=\"text-align: justify\"><span style=\"direction: ltr;font-family: Symbol;font-size: 11pt\">\u00b7<\/span><span style=\"width: 9.5pt\">&nbsp;<\/span><span lang=\"es\" style=\"font-family: Arial;font-size: 10.0pt;font-weight: bold\">\u00a1!!<\/span><span lang=\"es\" style=\"font-family: Arial;font-size: 10.0pt;font-weight: bold\"> Que los jueces no interpreten \u00a1!!: <\/span><span lang=\"es\" style=\"font-family: Arial;font-size: 10.0pt\">El<\/span><span lang=\"es\" style=\"font-family: Arial;font-size: 10.0pt;font-weight: bold\"> <\/span><span lang=\"es\" style=\"font-family: Arial;font-size: 10.0pt\">presidente de CEOE pidi\u00f3 que se concreten algunos aspectos de la reforma laboral para que \u00abno haya posibilidad de interpretaci\u00f3n\u00bb por parte de los jueces. Y afirm\u00f3 que esta \u00abno es la \u00faltima reforma laboral ni much\u00edsimo menos\u00bb. <\/span><span lang=\"es\" style=\"font-family: Arial;font-size: 10.0pt\">El c\u00f3digo \u00e9tico permitir\u00e1 expulsar al presidente de la patronal o a empresas asociadas si cometen graves irregularidades. <\/span><span lang=\"es\" style=\"font-family: Arial;font-size: 10pt\"><\/span><\/div>\n<\/div>\n<div style=\"margin-bottom: 0pt;text-align: justify;text-align: justify\">\n<div style=\"text-align: justify\"><\/div>\n<\/div>\n<div style=\"margin-bottom: 0pt;margin-left: 36.0pt;text-align: justify;text-align: justify\">\n<div style=\"text-align: justify\"><a href=\"http:\/\/www.elcorreo.com\/alava\/v\/20130418\/economia\/ceoe-ofrece-seis-meses-20130418.html\"><span lang=\"es\" style=\"font-family: Arial;font-size: 10pt\">http:\/\/www.elcorreo.com\/alava\/v\/20130418\/economia\/ceoe-ofrece-seis-meses-20130418.html<\/span><\/a><span lang=\"es\" style=\"font-family: Arial;font-size: 10pt\"><\/span><\/div>\n<\/div>\n<div style=\"margin-bottom: 0pt;text-align: justify;text-align: justify\">\n<div style=\"text-align: justify\"><\/div>\n<\/div>\n<div style=\"margin-bottom: 0pt;margin-left: 14.1732pt;text-align: justify;text-align: justify;text-indent: -14.1732pt\">\n<div style=\"text-align: justify\"><span style=\"color: #333333;direction: ltr;font-family: Symbol;font-size: 11.0pt\">\u00b7<\/span><span style=\"width: 9.5pt\">&nbsp;<\/span><span lang=\"es\" style=\"font-family: Arial;font-size: 10pt;font-weight: bold\">Agradecimiento por las sugerencias recibidas en nuestra cuenta de <\/span><span lang=\"es\" style=\"color: #ff3300;font-family: Arial;font-size: 10.0pt;font-weight: bold\">Co.Bas <\/span><span lang=\"es\" style=\"font-family: Arial;font-size: 10pt;font-weight: bold\">y en las cuentas Gmail de distribuci\u00f3n: <\/span><span lang=\"es\" style=\"font-family: Arial;font-size: 10pt\">Os gradecemos las sugerencias y comentarios que nos envi\u00e1is cuando os llegan nuestras revistas y nuestros comunicados. Asimismo, seguimos atendiendo vuestras consultas y os animamos a que continu\u00e9is haci\u00e9ndolo empleando los canales que aparecen en esta revista o la cuenta Gmail a trav\u00e9s de la que os llega el presente documento<\/span><span lang=\"es\" style=\"font-family: Arial;font-size: 10pt;font-weight: bold\">.&nbsp;&nbsp;&nbsp;&nbsp;&nbsp;&nbsp;&nbsp; <\/span><span lang=\"es\" style=\"color: #333333;font-family: Arial;font-size: 10.0pt;font-style: italic\"><\/span><\/div>\n<\/div>\n<div>\n<div style=\"text-align: justify\"><\/div>\n<\/div>\n","protected":false},"excerpt":{"rendered":"<div class=\"mh-excerpt\">\u00b7&nbsp;Los tribunales ponen l\u00edmites a la Reforma Laboral: Los jueces echan atr\u00e1s aquellos&nbsp; despidos colectivos donde se comprueba aspectos formales b\u00e1sicos como los siguientes: &#8211;&nbsp; La empresa no ha negociado con los representantes legales de <a class=\"mh-excerpt-more\" href=\"https:\/\/www.sitescobas.es\/indra\/2013\/04\/22\/sabias-que-2\/\" title=\"Sab\u00edas que &#8230;\">[&#8230;]<\/a><\/div>\n","protected":false},"author":2,"featured_media":227,"comment_status":"open","ping_status":"closed","sticky":false,"template":"","format":"standard","meta":{"_kadence_starter_templates_imported_post":false,"footnotes":""},"categories":[9,23,11],"tags":[],"class_list":{"0":"post-103","1":"post","2":"type-post","3":"status-publish","4":"format-standard","5":"has-post-thumbnail","7":"category-revista","8":"category-revista-201304","9":"category-sabiasque"},"_links":{"self":[{"href":"https:\/\/www.sitescobas.es\/indra\/wp-json\/wp\/v2\/posts\/103","targetHints":{"allow":["GET"]}}],"collection":[{"href":"https:\/\/www.sitescobas.es\/indra\/wp-json\/wp\/v2\/posts"}],"about":[{"href":"https:\/\/www.sitescobas.es\/indra\/wp-json\/wp\/v2\/types\/post"}],"author":[{"embeddable":true,"href":"https:\/\/www.sitescobas.es\/indra\/wp-json\/wp\/v2\/users\/2"}],"replies":[{"embeddable":true,"href":"https:\/\/www.sitescobas.es\/indra\/wp-json\/wp\/v2\/comments?post=103"}],"version-history":[{"count":0,"href":"https:\/\/www.sitescobas.es\/indra\/wp-json\/wp\/v2\/posts\/103\/revisions"}],"wp:featuredmedia":[{"embeddable":true,"href":"https:\/\/www.sitescobas.es\/indra\/wp-json\/wp\/v2\/posts\/227"}],"wp:attachment":[{"href":"https:\/\/www.sitescobas.es\/indra\/wp-json\/wp\/v2\/media?parent=103"}],"wp:term":[{"taxonomy":"category","embeddable":true,"href":"https:\/\/www.sitescobas.es\/indra\/wp-json\/wp\/v2\/categories?post=103"},{"taxonomy":"post_tag","embeddable":true,"href":"https:\/\/www.sitescobas.es\/indra\/wp-json\/wp\/v2\/tags?post=103"}],"curies":[{"name":"wp","href":"https:\/\/api.w.org\/{rel}","templated":true}]}}