{"id":1012,"date":"2015-09-08T08:05:17","date_gmt":"2015-09-08T06:05:17","guid":{"rendered":"http:\/\/cobasindra.org\/?p=1012"},"modified":"2015-09-08T08:05:17","modified_gmt":"2015-09-08T06:05:17","slug":"asambleas-informativas-sobre-la-lucha-contra-el-ere","status":"publish","type":"post","link":"https:\/\/www.sitescobas.es\/indra\/2015\/09\/08\/asambleas-informativas-sobre-la-lucha-contra-el-ere\/","title":{"rendered":"Asambleas informativas sobre la lucha contra el ERE"},"content":{"rendered":"<p><a href=\"http:\/\/cobasindra.org\/wp-content\/uploads\/2015\/09\/cartel-asambleas-ere-septiembre-2015.png\"><img loading=\"lazy\" decoding=\"async\" class=\"aligncenter size-large wp-image-1013\" src=\"http:\/\/cobasindra.org\/wp-content\/uploads\/2015\/09\/cartel-asambleas-ere-septiembre-2015-722x1024.png\" alt=\"cartel-asambleas-ere-septiembre-2015\" width=\"695\" height=\"986\" \/><\/a><\/p>\n<h1 align=\"center\"><span style=\"color: #d40000\">\u00a1Ser sensato es luchar contra el ERE!<\/span><\/h1>\n<h2 align=\"center\">\u00a1Acude a las asambleas informativas en tu centro!<\/h2>\n<h1 align=\"center\"><span style=\"color: #d40000\">Arroyo de la Vega: <\/span>martes 8 13:30h<\/h1>\n<h1 align=\"center\"><span style=\"color: #d40000\">Barcelona: <\/span>martes 8 13:30h<\/h1>\n<h1 align=\"center\"><span style=\"color: #d40000\">Anabel Segura: <\/span>mi\u00e9rcoles 9 13:30h<\/h1>\n<h1 align=\"center\"><span style=\"color: #d40000\">Juli\u00e1n Camarillo: <\/span>jueves 10 13:30h<\/h1>\n<p align=\"center\">Otros centros pendientes de confirmar fechas.<\/p>\n<p align=\"center\">Ser\u00e1n en las puertas de los centros. Os pondremos al d\u00eda de la situaci\u00f3n y abriremos turnos de palabra para que nos traslad\u00e9is vuestras dudas y vuestras opiniones.<\/p>\n","protected":false},"excerpt":{"rendered":"<div class=\"mh-excerpt\">\u00a1Ser sensato es luchar contra el ERE! \u00a1Acude a las asambleas informativas en tu centro! Arroyo de la Vega: martes 8 13:30h Barcelona: martes 8 13:30h Anabel Segura: mi\u00e9rcoles 9 13:30h Juli\u00e1n Camarillo: jueves 10 <a class=\"mh-excerpt-more\" href=\"https:\/\/www.sitescobas.es\/indra\/2015\/09\/08\/asambleas-informativas-sobre-la-lucha-contra-el-ere\/\" title=\"Asambleas informativas sobre la lucha contra el ERE\">[&#8230;]<\/a><\/div>\n","protected":false},"author":2,"featured_media":0,"comment_status":"open","ping_status":"closed","sticky":false,"template":"","format":"standard","meta":{"_kadence_starter_templates_imported_post":false,"footnotes":""},"categories":[13],"tags":[44,18,32,45],"class_list":{"0":"post-1012","1":"post","2":"type-post","3":"status-publish","4":"format-standard","6":"category-cobas-indra","7":"tag-comunicados","8":"tag-desasignados","9":"tag-despidos","10":"tag-ere-en-indra"},"_links":{"self":[{"href":"https:\/\/www.sitescobas.es\/indra\/wp-json\/wp\/v2\/posts\/1012","targetHints":{"allow":["GET"]}}],"collection":[{"href":"https:\/\/www.sitescobas.es\/indra\/wp-json\/wp\/v2\/posts"}],"about":[{"href":"https:\/\/www.sitescobas.es\/indra\/wp-json\/wp\/v2\/types\/post"}],"author":[{"embeddable":true,"href":"https:\/\/www.sitescobas.es\/indra\/wp-json\/wp\/v2\/users\/2"}],"replies":[{"embeddable":true,"href":"https:\/\/www.sitescobas.es\/indra\/wp-json\/wp\/v2\/comments?post=1012"}],"version-history":[{"count":0,"href":"https:\/\/www.sitescobas.es\/indra\/wp-json\/wp\/v2\/posts\/1012\/revisions"}],"wp:attachment":[{"href":"https:\/\/www.sitescobas.es\/indra\/wp-json\/wp\/v2\/media?parent=1012"}],"wp:term":[{"taxonomy":"category","embeddable":true,"href":"https:\/\/www.sitescobas.es\/indra\/wp-json\/wp\/v2\/categories?post=1012"},{"taxonomy":"post_tag","embeddable":true,"href":"https:\/\/www.sitescobas.es\/indra\/wp-json\/wp\/v2\/tags?post=1012"}],"curies":[{"name":"wp","href":"https:\/\/api.w.org\/{rel}","templated":true}]}}