{"id":2471,"date":"2026-09-04T10:39:03","date_gmt":"2026-09-04T09:39:03","guid":{"rendered":"https:\/\/www.sitescobas.es\/eviden\/?p=2471"},"modified":"2026-09-04T10:39:04","modified_gmt":"2026-09-04T09:39:04","slug":"nueva-plataforma-para-cursos-de-formacion-en-atos","status":"publish","type":"post","link":"https:\/\/www.sitescobas.es\/eviden\/2026\/09\/04\/nueva-plataforma-para-cursos-de-formacion-en-atos\/","title":{"rendered":"Nueva plataforma para cursos de formaci\u00f3n en Atos."},"content":{"rendered":"\n<p class=\"wp-block-paragraph\">Entre los continuos correos\/spams corporativos que recibimos diariamente, el pasado 2 de septiembre lleg\u00f3 el primero de la saga informativa sobre el cambio de la plataforma de formaci\u00f3n.<\/p>\n\n\n\n<p class=\"wp-block-paragraph\">El mensaje, remitido a trav\u00e9s del \u00e1rea de Actividad de Microsoft Teams y redactado en ingl\u00e9s, presentaba Udemy como la nueva plataforma formativa.<\/p>\n\n\n\n<p class=\"wp-block-paragraph\">La comunicaci\u00f3n indicaba que el 30 de septiembre el acceso a Percipio finaliza y que, por lo tanto, quienes necesiten descargar certificados o finalizar alguna formaci\u00f3n vinculada a los objetivos de desarrollo o programas de aprendizaje deber\u00e1 hacerlo antes de esa fecha.<\/p>\n\n\n\n<p class=\"wp-block-paragraph\">Ante la falta de informaci\u00f3n previa a la Comisi\u00f3n de Formaci\u00f3n y a la plantilla de Atos Spain, desde COBAS hemos solicitado explicaciones al \u00e1rea de Formaci\u00f3n de Recursos Humanos mediante el siguiente correo, al que se han sumado el resto de grupos sindicales de la empresa:<\/p>\n\n\n\n<p class=\"wp-block-paragraph\"><em>\u201cBuenos d\u00edas,<\/em><\/p>\n\n\n\n<p class=\"wp-block-paragraph\"><em>Hemos recibido la comunicaci\u00f3n que se adjunta a continuaci\u00f3n, relativa al inminente cambio de la plataforma de formaci\u00f3n. En ella se insta a la plantilla a finalizar, antes del 30 de septiembre, cualquier acci\u00f3n formativa que se encuentre en curso.<\/em><\/p>\n\n\n\n<p class=\"wp-block-paragraph\"><em>Consideramos que la implantaci\u00f3n de estos cambios durante el per\u00edodo estival puede impedir que algunas personas finalicen en el plazo previsto las certificaciones, los programas o las acciones formativas de Percipio incluidos en sus objetivos de desarrollo profesional.<\/em><\/p>\n\n\n\n<p class=\"wp-block-paragraph\"><em>Hasta donde hemos podido comprobar, la Comisi\u00f3n de Formaci\u00f3n, que celebra reuniones mensuales, no ha sido informada de este cambio de plataforma ni de su calendario de implantaci\u00f3n. Por este motivo, consideramos que podr\u00eda estarse incumpliendo lo establecido en el Acuerdo de Formaci\u00f3n.<\/em><\/p>\n\n\n\n<p class=\"wp-block-paragraph\"><em>Por todo ello, les solicitamos que nos informen de los motivos por los que esta informaci\u00f3n no se ha comunicado previamente a la Comisi\u00f3n de Formaci\u00f3n, de las mejoras que incorpora la nueva plataforma y de las medidas previstas para garantizar que las personas afectadas puedan completar las formaciones en curso sin perjuicio alguno.<\/em><\/p>\n\n\n\n<p class=\"wp-block-paragraph\"><em>Quedamos a la espera de su respuesta y de las aclaraciones oportunas.\u201d<\/em><\/p>\n\n\n\n<p class=\"wp-block-paragraph\">Una vez m\u00e1s, la empresa ha pasado por alto la obligaci\u00f3n de informar a la RLPT de cualquier cambio sustancial que sufren las personas trabajadoras de Atos Spain, algo que parece ser ya una costumbre.<\/p>\n\n\n\n<p class=\"wp-block-paragraph\"><\/p>\n","protected":false},"excerpt":{"rendered":"<div class=\"mh-excerpt\">Entre los continuos correos\/spams corporativos que recibimos diariamente, el pasado 2 de septiembre lleg\u00f3 el primero de la saga informativa sobre el cambio de la plataforma de formaci\u00f3n. El mensaje, remitido a trav\u00e9s del \u00e1rea <a class=\"mh-excerpt-more\" href=\"https:\/\/www.sitescobas.es\/eviden\/2026\/09\/04\/nueva-plataforma-para-cursos-de-formacion-en-atos\/\" title=\"Nueva plataforma para cursos de formaci\u00f3n en Atos.\">[&#8230;]<\/a><\/div>\n","protected":false},"author":16,"featured_media":2473,"comment_status":"open","ping_status":"open","sticky":false,"template":"","format":"standard","meta":{"_kadence_starter_templates_imported_post":false,"footnotes":""},"categories":[3],"tags":[5,15,28,7],"class_list":["post-2471","post","type-post","status-publish","format-standard","has-post-thumbnail","category-publicaciones","tag-atos-spain","tag-formacion","tag-grupo-atos","tag-grupo-eviden"],"_links":{"self":[{"href":"https:\/\/www.sitescobas.es\/eviden\/wp-json\/wp\/v2\/posts\/2471","targetHints":{"allow":["GET"]}}],"collection":[{"href":"https:\/\/www.sitescobas.es\/eviden\/wp-json\/wp\/v2\/posts"}],"about":[{"href":"https:\/\/www.sitescobas.es\/eviden\/wp-json\/wp\/v2\/types\/post"}],"author":[{"embeddable":true,"href":"https:\/\/www.sitescobas.es\/eviden\/wp-json\/wp\/v2\/users\/16"}],"replies":[{"embeddable":true,"href":"https:\/\/www.sitescobas.es\/eviden\/wp-json\/wp\/v2\/comments?post=2471"}],"version-history":[{"count":1,"href":"https:\/\/www.sitescobas.es\/eviden\/wp-json\/wp\/v2\/posts\/2471\/revisions"}],"predecessor-version":[{"id":2474,"href":"https:\/\/www.sitescobas.es\/eviden\/wp-json\/wp\/v2\/posts\/2471\/revisions\/2474"}],"wp:featuredmedia":[{"embeddable":true,"href":"https:\/\/www.sitescobas.es\/eviden\/wp-json\/wp\/v2\/media\/2473"}],"wp:attachment":[{"href":"https:\/\/www.sitescobas.es\/eviden\/wp-json\/wp\/v2\/media?parent=2471"}],"wp:term":[{"taxonomy":"category","embeddable":true,"href":"https:\/\/www.sitescobas.es\/eviden\/wp-json\/wp\/v2\/categories?post=2471"},{"taxonomy":"post_tag","embeddable":true,"href":"https:\/\/www.sitescobas.es\/eviden\/wp-json\/wp\/v2\/tags?post=2471"}],"curies":[{"name":"wp","href":"https:\/\/api.w.org\/{rel}","templated":true}]}}