{"id":2468,"date":"2026-09-04T10:33:27","date_gmt":"2026-09-04T09:33:27","guid":{"rendered":"https:\/\/www.sitescobas.es\/eviden\/?p=2468"},"modified":"2026-09-04T10:33:27","modified_gmt":"2026-09-04T09:33:27","slug":"comision-de-formacion-de-agosto-del-2026","status":"publish","type":"post","link":"https:\/\/www.sitescobas.es\/eviden\/2026\/09\/04\/comision-de-formacion-de-agosto-del-2026\/","title":{"rendered":"Comisi\u00f3n de formaci\u00f3n de agosto del 2026."},"content":{"rendered":"\n<p class=\"wp-block-paragraph\">El pasado 10 de agosto se mantuvo una nueva reuni\u00f3n de la Comisi\u00f3n de Formaci\u00f3n de Atos Spain en la que la empresa nos traslad\u00f3 los siguientes temas:<\/p>\n\n\n\n<ul class=\"wp-block-list\">\n<li><strong>Cursos obligatorios.<\/strong> La empresa nos inform\u00f3 de que se ha lanzado el comunicado oficial a toda la plantilla para la realizaci\u00f3n de los cursos obligatorios, siendo la fecha tope el 31 de octubre, fecha que est\u00e1 alineada con Global. Una gran idea lanzarlo en pleno verano, cuando mucha gente est\u00e1 de vacaciones y en algunos casos se pierde un mes de los que hay disponibles para hacerlo. No entendemos qui\u00e9n toma estas decisiones en Global, pero \u201cdeber\u00eda hac\u00e9rselo mirar un poco\u201d.<\/li>\n<\/ul>\n\n\n\n<p class=\"wp-block-paragraph\">          Se har\u00e1 seguimiento peri\u00f3dico del porcentaje de participaci\u00f3n. Global ha habilitado un panel de seguimiento desde donde se     puede ver la progresi\u00f3n de todos los cursos a realizar. En Iberia se ir\u00e1n publicando recordatorios, tanto de manera general en Viva Engage, como por correo electr\u00f3nico.<\/p>\n\n\n\n<ul class=\"wp-block-list\">\n<li><strong>Mesa de Negociaci\u00f3n del Acuerdo de Formaci\u00f3n.<\/strong> En la semana del 24 de julio la empresa recibi\u00f3 el listado de personas de cada secci\u00f3n sindical y ya se ha enviado una primera convocatoria para la constituci\u00f3n de la mesa. Se llevar\u00e1 a cabo el 15 de septiembre, una vez finalizado el periodo vacacional.<\/li>\n<\/ul>\n\n\n\n<ul class=\"wp-block-list\">\n<li><strong>Formaci\u00f3n Amazon Web Services (AWS).<\/strong> Se va a llevar a cabo una formaci\u00f3n que ha ofrecido AWS para diferentes pa\u00edses. Esta formaci\u00f3n ser\u00e1 en ingl\u00e9s, lo que por desgracia va a hacer que muchas personas del grupo Atos en Espa\u00f1a no puedan acceder a ella.<\/li>\n<\/ul>\n\n\n\n<p class=\"wp-block-paragraph\">Se fija la siguiente reuni\u00f3n de la comisi\u00f3n para el 23 de septiembre. Si ten\u00e9is alg\u00fan tema de vuestro inter\u00e9s relacionado con Formaci\u00f3n o quer\u00e9is enviarnos vuestras ideas que puedan mejorar el actual&nbsp;<a href=\"https:\/\/www.sitescobas.es\/eviden\/wp-content\/uploads\/sites\/8\/2026\/03\/Acuerdo-estatal-de-formacion-Atos-Spain.pdf\"><strong>Acuerdo de Formaci\u00f3n de Atos Spain<\/strong><\/a><strong>,&nbsp;<\/strong>hacedlo llegar a nuestra secci\u00f3n(<a href=\"mailto:es.cobas@atos.net\"><strong>es.cobas@atos.net<\/strong><\/a>), para tratarlo en la pr\u00f3xima comisi\u00f3n.<\/p>\n\n\n\n<p class=\"wp-block-paragraph\"><\/p>\n","protected":false},"excerpt":{"rendered":"<div class=\"mh-excerpt\">El pasado 10 de agosto se mantuvo una nueva reuni\u00f3n de la Comisi\u00f3n de Formaci\u00f3n de Atos Spain en la que la empresa nos traslad\u00f3 los siguientes temas: Se har\u00e1 seguimiento peri\u00f3dico del porcentaje de <a class=\"mh-excerpt-more\" href=\"https:\/\/www.sitescobas.es\/eviden\/2026\/09\/04\/comision-de-formacion-de-agosto-del-2026\/\" title=\"Comisi\u00f3n de formaci\u00f3n de agosto del 2026.\">[&#8230;]<\/a><\/div>\n","protected":false},"author":16,"featured_media":2469,"comment_status":"open","ping_status":"open","sticky":false,"template":"","format":"standard","meta":{"_kadence_starter_templates_imported_post":false,"footnotes":""},"categories":[3],"tags":[5,15],"class_list":["post-2468","post","type-post","status-publish","format-standard","has-post-thumbnail","category-publicaciones","tag-atos-spain","tag-formacion"],"_links":{"self":[{"href":"https:\/\/www.sitescobas.es\/eviden\/wp-json\/wp\/v2\/posts\/2468","targetHints":{"allow":["GET"]}}],"collection":[{"href":"https:\/\/www.sitescobas.es\/eviden\/wp-json\/wp\/v2\/posts"}],"about":[{"href":"https:\/\/www.sitescobas.es\/eviden\/wp-json\/wp\/v2\/types\/post"}],"author":[{"embeddable":true,"href":"https:\/\/www.sitescobas.es\/eviden\/wp-json\/wp\/v2\/users\/16"}],"replies":[{"embeddable":true,"href":"https:\/\/www.sitescobas.es\/eviden\/wp-json\/wp\/v2\/comments?post=2468"}],"version-history":[{"count":1,"href":"https:\/\/www.sitescobas.es\/eviden\/wp-json\/wp\/v2\/posts\/2468\/revisions"}],"predecessor-version":[{"id":2470,"href":"https:\/\/www.sitescobas.es\/eviden\/wp-json\/wp\/v2\/posts\/2468\/revisions\/2470"}],"wp:featuredmedia":[{"embeddable":true,"href":"https:\/\/www.sitescobas.es\/eviden\/wp-json\/wp\/v2\/media\/2469"}],"wp:attachment":[{"href":"https:\/\/www.sitescobas.es\/eviden\/wp-json\/wp\/v2\/media?parent=2468"}],"wp:term":[{"taxonomy":"category","embeddable":true,"href":"https:\/\/www.sitescobas.es\/eviden\/wp-json\/wp\/v2\/categories?post=2468"},{"taxonomy":"post_tag","embeddable":true,"href":"https:\/\/www.sitescobas.es\/eviden\/wp-json\/wp\/v2\/tags?post=2468"}],"curies":[{"name":"wp","href":"https:\/\/api.w.org\/{rel}","templated":true}]}}