{"id":2187,"date":"2026-04-17T08:43:35","date_gmt":"2026-04-17T07:43:35","guid":{"rendered":"https:\/\/www.sitescobas.es\/eviden\/?p=2187"},"modified":"2026-04-17T08:46:50","modified_gmt":"2026-04-17T07:46:50","slug":"salario-minimo-interprofesional-dudas-sobre-su-aplicacion","status":"publish","type":"post","link":"https:\/\/www.sitescobas.es\/eviden\/2026\/04\/17\/salario-minimo-interprofesional-dudas-sobre-su-aplicacion\/","title":{"rendered":"Salario m\u00ednimo interprofesional, dudas sobre su aplicaci\u00f3n."},"content":{"rendered":"\n<p>Un a\u00f1o m\u00e1s, el pasado mes de febrero, se aprob\u00f3 la subida del Salario M\u00ednimo Interprofesional (SMI) que determina el sueldo bruto m\u00ednimo que deber\u00e1 cobrar una persona trabajadora a jornada completa, independientemente del sector al que pertenezca o de su categor\u00eda profesional.<\/p>\n\n\n\n<p>Dado que nos hab\u00e9is hecho llegar algunas dudas sobre esta nueva subida, a continuaci\u00f3n os trasladamos los detalles de la misma:<\/p>\n\n\n\n<p><strong>\u00bfCu\u00e1l es el nuevo SMI para 2026?:<\/strong><\/p>\n\n\n\n<ul class=\"wp-block-list\">\n<li>Salario bruto mensual en catorce pagas: 1.221\u20ac<\/li>\n\n\n\n<li>Salario bruto mensual en doce pagas (pagas extras prorrateadas): 1.424,50\u20ac<\/li>\n\n\n\n<li>Esto supone un salario bruto anual de 17.094\u20ac.<\/li>\n<\/ul>\n\n\n\n<p>Todas estas cantidades se abonan para un trabajo a jornada completa. En caso de trabajar a tiempo parcial, el salario se ver\u00e1 reducido proporcionalmente a la jornada realizada.<\/p>\n\n\n\n<p><strong>\u00bfA qui\u00e9n aplica esta subida?:<\/strong><\/p>\n\n\n\n<ul class=\"wp-block-list\">\n<li>Esta subida se le deber\u00e1 aplicar a aquellas personas que, sumando todos los conceptos y complementos salariales, la cantidad resultante sea inferior a las cantidades anteriormente mencionadas.<\/li>\n<\/ul>\n\n\n\n<p><strong>\u00bfDesde cu\u00e1ndo se aplica dicha subida?:<\/strong><\/p>\n\n\n\n<ul class=\"wp-block-list\">\n<li>La subida del SMI se aplicar\u00e1 con car\u00e1cter retroactivo desde enero de 2026.<\/li>\n<\/ul>\n\n\n\n<p><strong>\u00bfC\u00f3mo afecta al Convenio TIC?:<\/strong><\/p>\n\n\n\n<p>En la disposici\u00f3n adicional IV del XIX Convenio TIC \u201cGarant\u00eda de actualizaci\u00f3n del salario m\u00ednimo interprofesional\u201d se indica lo siguiente:<\/p>\n\n\n\n<p><em>\u201cEn caso de que el Salario M\u00ednimo Interprofesional (SMI) que se publica en el \u00abBolet\u00edn Oficial del Estado\u00bb (BOE), sea superior al salario anual fijado para ese a\u00f1o en las tablas salariales (salario base + plus convenio), los niveles profesionales afectados ser\u00e1n actualizados al Salario M\u00ednimo Interprofesional, debiendo garantizarse entre los niveles profesionales una diferencia salarial de 80 euros\u201d.<\/em><\/p>\n\n\n\n<p>Esto significa que con la nueva subida del SMI la empresa deber\u00e1 ajustar el salario en las categor\u00edas afectadas, todo ello con la revisi\u00f3n correspondiente a 1 de enero de 2026. Os animamos a que revis\u00e9is vuestro salario y, si est\u00e1is en esta situaci\u00f3n, le reclam\u00e9is a la empresa la actualizaci\u00f3n. Si os surge alguna duda sobre este proceso, contactad con nuestra secci\u00f3n sindical, bien en <a href=\"mailto:es.cobas@atos.net\" target=\"_blank\" rel=\"noreferrer noopener\">Atos Spain<\/a>, bien en &lt;a href=&quot;mailto:co.bas de Atos IT, centro de Albarracin 25 Atos IT<\/a>, para que podamos ayudaros.<\/p>\n","protected":false},"excerpt":{"rendered":"<div class=\"mh-excerpt\">Un a\u00f1o m\u00e1s, el pasado mes de febrero, se aprob\u00f3 la subida del Salario M\u00ednimo Interprofesional (SMI) que determina el sueldo bruto m\u00ednimo que deber\u00e1 cobrar una persona trabajadora a jornada completa, independientemente del sector <a class=\"mh-excerpt-more\" href=\"https:\/\/www.sitescobas.es\/eviden\/2026\/04\/17\/salario-minimo-interprofesional-dudas-sobre-su-aplicacion\/\" title=\"Salario m\u00ednimo interprofesional, dudas sobre su aplicaci\u00f3n.\">[&#8230;]<\/a><\/div>\n","protected":false},"author":16,"featured_media":2188,"comment_status":"open","ping_status":"open","sticky":false,"template":"","format":"standard","meta":{"_kadence_starter_templates_imported_post":false,"footnotes":""},"categories":[3],"tags":[28],"class_list":{"0":"post-2187","1":"post","2":"type-post","3":"status-publish","4":"format-standard","5":"has-post-thumbnail","7":"category-publicaciones","8":"tag-grupo-atos"},"_links":{"self":[{"href":"https:\/\/www.sitescobas.es\/eviden\/wp-json\/wp\/v2\/posts\/2187","targetHints":{"allow":["GET"]}}],"collection":[{"href":"https:\/\/www.sitescobas.es\/eviden\/wp-json\/wp\/v2\/posts"}],"about":[{"href":"https:\/\/www.sitescobas.es\/eviden\/wp-json\/wp\/v2\/types\/post"}],"author":[{"embeddable":true,"href":"https:\/\/www.sitescobas.es\/eviden\/wp-json\/wp\/v2\/users\/16"}],"replies":[{"embeddable":true,"href":"https:\/\/www.sitescobas.es\/eviden\/wp-json\/wp\/v2\/comments?post=2187"}],"version-history":[{"count":1,"href":"https:\/\/www.sitescobas.es\/eviden\/wp-json\/wp\/v2\/posts\/2187\/revisions"}],"predecessor-version":[{"id":2189,"href":"https:\/\/www.sitescobas.es\/eviden\/wp-json\/wp\/v2\/posts\/2187\/revisions\/2189"}],"wp:featuredmedia":[{"embeddable":true,"href":"https:\/\/www.sitescobas.es\/eviden\/wp-json\/wp\/v2\/media\/2188"}],"wp:attachment":[{"href":"https:\/\/www.sitescobas.es\/eviden\/wp-json\/wp\/v2\/media?parent=2187"}],"wp:term":[{"taxonomy":"category","embeddable":true,"href":"https:\/\/www.sitescobas.es\/eviden\/wp-json\/wp\/v2\/categories?post=2187"},{"taxonomy":"post_tag","embeddable":true,"href":"https:\/\/www.sitescobas.es\/eviden\/wp-json\/wp\/v2\/tags?post=2187"}],"curies":[{"name":"wp","href":"https:\/\/api.w.org\/{rel}","templated":true}]}}