{"id":2184,"date":"2026-04-17T08:32:21","date_gmt":"2026-04-17T07:32:21","guid":{"rendered":"https:\/\/www.sitescobas.es\/eviden\/?p=2184"},"modified":"2026-04-17T08:32:21","modified_gmt":"2026-04-17T07:32:21","slug":"despidos-de-atos-it-por-supuesto-cobas-si-atiende-a-las-personas-despedidas","status":"publish","type":"post","link":"https:\/\/www.sitescobas.es\/eviden\/2026\/04\/17\/despidos-de-atos-it-por-supuesto-cobas-si-atiende-a-las-personas-despedidas\/","title":{"rendered":"Despidos de Atos IT, por supuesto, COBAS s\u00ed atiende a las personas despedidas."},"content":{"rendered":"\n<p>Las personas que trabajamos en Atos IT hemos recibido hace unos d\u00edas un correo de una secci\u00f3n sindical donde se afirmaba que <strong>\u201calgunos sindicatos\u201d<\/strong> no prestan ayuda a las personas que son despedidas en la empresa.<\/p>\n\n\n\n<p>Desde la Secci\u00f3n Sindical de COBAS queremos aclararos que, por nuestra parte, n<strong>unca hemos negado la atenci\u00f3n a las personas que han sido despedidas<\/strong>, d\u00e1ndoles todo el soporte necesario para que una situaci\u00f3n tan compleja y desagradable fuera m\u00e1s llevadera.<\/p>\n\n\n\n<p>Desde estas l\u00edneas, queremos recodaros que <strong>los delegados y las delegadas de COBAS en Atos IT estamos a vuestra disposici\u00f3n para cualquier duda o consulta que os surja<\/strong> y, por supuesto, para apoyaros si sois v\u00edctimas de un proceso de despido.<\/p>\n\n\n\n<p>No olvides que, si te notifican tu despido, est\u00e1s en tu derecho de solicitar la presencia de un delegado o una delegada del sindicato que prefieras. En la secci\u00f3n sindical de Cobas en Atos IT estamos a tu disposici\u00f3n.<\/p>\n","protected":false},"excerpt":{"rendered":"<div class=\"mh-excerpt\">Las personas que trabajamos en Atos IT hemos recibido hace unos d\u00edas un correo de una secci\u00f3n sindical donde se afirmaba que \u201calgunos sindicatos\u201d no prestan ayuda a las personas que son despedidas en la <a class=\"mh-excerpt-more\" href=\"https:\/\/www.sitescobas.es\/eviden\/2026\/04\/17\/despidos-de-atos-it-por-supuesto-cobas-si-atiende-a-las-personas-despedidas\/\" title=\"Despidos de Atos IT, por supuesto, COBAS s\u00ed atiende a las personas despedidas.\">[&#8230;]<\/a><\/div>\n","protected":false},"author":16,"featured_media":2185,"comment_status":"open","ping_status":"open","sticky":false,"template":"","format":"standard","meta":{"_kadence_starter_templates_imported_post":false,"footnotes":""},"categories":[3],"tags":[6],"class_list":{"0":"post-2184","1":"post","2":"type-post","3":"status-publish","4":"format-standard","5":"has-post-thumbnail","7":"category-publicaciones","8":"tag-atos-it"},"_links":{"self":[{"href":"https:\/\/www.sitescobas.es\/eviden\/wp-json\/wp\/v2\/posts\/2184","targetHints":{"allow":["GET"]}}],"collection":[{"href":"https:\/\/www.sitescobas.es\/eviden\/wp-json\/wp\/v2\/posts"}],"about":[{"href":"https:\/\/www.sitescobas.es\/eviden\/wp-json\/wp\/v2\/types\/post"}],"author":[{"embeddable":true,"href":"https:\/\/www.sitescobas.es\/eviden\/wp-json\/wp\/v2\/users\/16"}],"replies":[{"embeddable":true,"href":"https:\/\/www.sitescobas.es\/eviden\/wp-json\/wp\/v2\/comments?post=2184"}],"version-history":[{"count":1,"href":"https:\/\/www.sitescobas.es\/eviden\/wp-json\/wp\/v2\/posts\/2184\/revisions"}],"predecessor-version":[{"id":2186,"href":"https:\/\/www.sitescobas.es\/eviden\/wp-json\/wp\/v2\/posts\/2184\/revisions\/2186"}],"wp:featuredmedia":[{"embeddable":true,"href":"https:\/\/www.sitescobas.es\/eviden\/wp-json\/wp\/v2\/media\/2185"}],"wp:attachment":[{"href":"https:\/\/www.sitescobas.es\/eviden\/wp-json\/wp\/v2\/media?parent=2184"}],"wp:term":[{"taxonomy":"category","embeddable":true,"href":"https:\/\/www.sitescobas.es\/eviden\/wp-json\/wp\/v2\/categories?post=2184"},{"taxonomy":"post_tag","embeddable":true,"href":"https:\/\/www.sitescobas.es\/eviden\/wp-json\/wp\/v2\/tags?post=2184"}],"curies":[{"name":"wp","href":"https:\/\/api.w.org\/{rel}","templated":true}]}}