{"id":2081,"date":"2026-02-27T10:07:41","date_gmt":"2026-02-27T09:07:41","guid":{"rendered":"https:\/\/www.sitescobas.es\/eviden\/?p=2081"},"modified":"2026-02-27T10:09:29","modified_gmt":"2026-02-27T09:09:29","slug":"no-lo-llames-absentismo-la-tergiversacion-de-las-palabras-y-la-caradura-de-la-patronal","status":"publish","type":"post","link":"https:\/\/www.sitescobas.es\/eviden\/2026\/02\/27\/no-lo-llames-absentismo-la-tergiversacion-de-las-palabras-y-la-caradura-de-la-patronal\/","title":{"rendered":"No lo llames absentismo: la tergiversaci\u00f3n de las palabras y la caradura de la patronal."},"content":{"rendered":"\n<p>Desde hace mucho tiempo se habla se absentismo laboral, sobre todo para dar cifras catastr\u00f3ficas sobre la cantidad de jornadas que \u201cpierden\u201d las trabajadoras y los trabajadores por sus ausencias. Incluso cuando la empresa nos da a la RLPT las bajas por enfermedad com\u00fan se nos dan como cifras de \u201cabsentismo\u201d.<\/p>\n\n\n\n<p>Para empezar, el t\u00e9rmino <strong><a href=\"https:\/\/dle.rae.es\/absentismo\" target=\"_blank\" rel=\"noreferrer noopener\">absentismo<\/a><\/strong>, seg\u00fan la RAE, es:<\/p>\n\n\n\n<p>&nbsp;\u201cabstenci\u00f3n&nbsp;deliberada&nbsp;de&nbsp;acudir&nbsp;al&nbsp;lugar&nbsp;donde&nbsp;se&nbsp;cumple&nbsp;una&nbsp;obligaci\u00f3n.\u201d, y ah\u00ed est\u00e1 el quid de la cuesti\u00f3n, en la palabra <strong>\u201cdeliberada\u201d.<\/strong> Esta es la definici\u00f3n de absentismo que consideramos que se deber\u00eda utilizar, aunque, por desgracia, a nivel laboral, la que se aplica es la que da la Organizaci\u00f3n Internacional del Trabajo (OIT):<\/p>\n\n\n\n<p><em>una situaci\u00f3n en la que la persona empleada no se presenta en su lugar de trabajo, o acude menos horas de lo estipulado, cuando desde la organizaci\u00f3n se esperaba que acudiera, o permaneciera todo el tiempo en dicho lugar.<\/em><\/p>\n\n\n\n<p>Eso s\u00ed, tambi\u00e9n la OIT define los tipos de absentismo:<\/p>\n\n\n\n<ul class=\"wp-block-list\">\n<li>Por causas justificadas: bajas m\u00e9dicas por enfermedad o accidente (comunes o laborales), permisos retribuidos (matrimonio, nacimiento de hijos, mudanzas, etc.), licencias legales (formaci\u00f3n, cuidado de familiares, lactancia), huelgas legales, suspensiones de contrato autorizadas, &#8230;<\/li>\n\n\n\n<li>Por causas injustificadas: no acudir al trabajo sin aviso ni justificaci\u00f3n, no cumplir el horario completo, alargar voluntariamente periodos de descanso o vacaciones, fingir enfermedades (simulaci\u00f3n de baja), &#8230;<\/li>\n<\/ul>\n\n\n\n<p>Por lo tanto, cuando se dan cifras de absentismo, tanto en t\u00e9rminos absolutos (horas de trabajo perdidas), como en t\u00e9rminos relativos (porcentaje de la jornada anual que no se trabaja), deber\u00edan darse por separado las cifras de absentismo por causas justificadas y por causas injustificadas.<\/p>\n\n\n\n<p>Si del total, un porcentaje alto es por causas injustificadas, no entendemos la queja, ya que las empresas disponen de medidas para sancionar, en incluso despedir, a las personas que comentan dichas faltas. Por otra parte, si un porcentaje muy alto es debido a causas justificadas, est\u00e1n amparadas por la ley y la empresa tiene herramientas para comprobarlas, por lo que, mucho <strong>nos tememos que estas presiones de la patronal pretendan que cualquier tipo de absentismo pueda ser sancionado<\/strong>.<\/p>\n\n\n\n<p>Para m\u00e1s inri, ahora, el presidente de la patronal retuerce los t\u00e9rminos, <a href=\"https:\/\/www.europapress.es\/economia\/laboral-00346\/noticia-garamendi-ceoe-critica-ausentismo-laboral-trabajo-quiera-sindicatos-dirijan-empresas-20260224173430.html\" target=\"_blank\" rel=\"noreferrer noopener\">tal como publica Europapress<\/a>, y habla de \u201causentismo\u201d, cargando las tintas en la \u201cvoluntariedad\u201d de los trabajadores y las trabajadoras cuando no asisten a su trabajo, da igual que sea por enfermedad, o por cualquier otro de los motivos totalmente justificados. Como si tener una enfermedad o que se te muera un familiar lo hubieras elegido s\u00f3lo por fastidiar a la \u201cpobre\u201d empresa.<\/p>\n\n\n\n<p>Pero el presidente de la patronal va mas all\u00e1, y tira de la mayor falacia que nos intentan colar desde hace muchos a\u00f1os, que es intentar convencernos de que tu baja por enfermedad a quien perjudica es a \u201ctus compa\u00f1eros y compa\u00f1eras\u201d, que se quedan sin tu apoyo y les haces un da\u00f1o irreparable. Es la misma falacia que se usa cuando alguien no quiere hacer horas extras, sobre todo si no se pagan, cuando alguien elige a su familia por encima de salir a las 10 de la noche para poder sacar adelante un proyecto que alguien ha firmado de manera deficitaria. Entonces, te tachan de persona insolidaria, que no ayuda a sus compa\u00f1eros y compa\u00f1eras que s\u00ed se quedan.<\/p>\n\n\n\n<p>Pues tenemos que dejar claro que eso no es as\u00ed. Si alguien se puede tachar de insolidario o insolidaria, es aquella persona que hace horas extras gratis, puesto que lo que consigue es que eso se lo exijan tambi\u00e9n a sus compa\u00f1eros y compa\u00f1eras, aunque sea ilegal. O quien acude con una enfermedad a la oficina, y reparte la enfermedad entre el equipo. O quien, con una pierna rota, por ejemplo, prefiere trabajar desde casa y no estar con la baja que le corresponde para recuperarse, por un equivocado sentido del deber, y que nuevamente lleva a que la empresa se crea en posici\u00f3n de exigir lo mismo a otras personas, ya que lo ve de lo m\u00e1s normal.<\/p>\n\n\n\n<p>En esta lucha de la patronal, y de algunos gobiernos, contra las bajas laborales, <a href=\"https:\/\/www.elperiodico.com\/es\/politica\/20260215\/catalunya-condiciona-parte-fondos-ambulatorios-126865627\" target=\"_blank\" rel=\"noreferrer noopener\">la pen\u00faltima jugada se ha producido en Catalu\u00f1a<\/a>, donde se van a condicionar los fondos extraordinarios que aporta la comunidad aut\u00f3noma a los centros de salud, al recorte de la duraci\u00f3n de las bajas o a no darlas directamente, con lo que trasladan el chantaje y la presi\u00f3n al personal m\u00e9dico de familia, que se ver\u00e1 en la obligaci\u00f3n de recortar las bajas por enfermedad, lo que a la larga lleva un empeoramiento de la salud de las personas trabajadoras a largo plazo.<\/p>\n\n\n\n<p>Que no os hagan sentiros culpables por tener una enfermedad o por que se ha muerto un familiar. Son cosas que nos suceden en alg\u00fan momento y de las que nadie tiene ninguna culpa y, desde luego, quien se moleste por ello, que se lo haga mirar. No podemos permitir que nos roben los derechos que hemos ido ganando a lo largo de la historia, como son los permisos retribuidos, o cobrar cuando sufrimos una enfermedad.<\/p>\n","protected":false},"excerpt":{"rendered":"<div class=\"mh-excerpt\">Desde hace mucho tiempo se habla se absentismo laboral, sobre todo para dar cifras catastr\u00f3ficas sobre la cantidad de jornadas que \u201cpierden\u201d las trabajadoras y los trabajadores por sus ausencias. Incluso cuando la empresa nos <a class=\"mh-excerpt-more\" href=\"https:\/\/www.sitescobas.es\/eviden\/2026\/02\/27\/no-lo-llames-absentismo-la-tergiversacion-de-las-palabras-y-la-caradura-de-la-patronal\/\" title=\"No lo llames absentismo: la tergiversaci\u00f3n de las palabras y la caradura de la patronal.\">[&#8230;]<\/a><\/div>\n","protected":false},"author":16,"featured_media":2082,"comment_status":"open","ping_status":"open","sticky":false,"template":"","format":"standard","meta":{"_kadence_starter_templates_imported_post":false,"footnotes":""},"categories":[3],"tags":[6,5,28,7,12],"class_list":{"0":"post-2081","1":"post","2":"type-post","3":"status-publish","4":"format-standard","5":"has-post-thumbnail","7":"category-publicaciones","8":"tag-atos-it","9":"tag-atos-spain","10":"tag-grupo-atos","11":"tag-grupo-eviden","12":"tag-salud-laboral"},"_links":{"self":[{"href":"https:\/\/www.sitescobas.es\/eviden\/wp-json\/wp\/v2\/posts\/2081","targetHints":{"allow":["GET"]}}],"collection":[{"href":"https:\/\/www.sitescobas.es\/eviden\/wp-json\/wp\/v2\/posts"}],"about":[{"href":"https:\/\/www.sitescobas.es\/eviden\/wp-json\/wp\/v2\/types\/post"}],"author":[{"embeddable":true,"href":"https:\/\/www.sitescobas.es\/eviden\/wp-json\/wp\/v2\/users\/16"}],"replies":[{"embeddable":true,"href":"https:\/\/www.sitescobas.es\/eviden\/wp-json\/wp\/v2\/comments?post=2081"}],"version-history":[{"count":2,"href":"https:\/\/www.sitescobas.es\/eviden\/wp-json\/wp\/v2\/posts\/2081\/revisions"}],"predecessor-version":[{"id":2084,"href":"https:\/\/www.sitescobas.es\/eviden\/wp-json\/wp\/v2\/posts\/2081\/revisions\/2084"}],"wp:featuredmedia":[{"embeddable":true,"href":"https:\/\/www.sitescobas.es\/eviden\/wp-json\/wp\/v2\/media\/2082"}],"wp:attachment":[{"href":"https:\/\/www.sitescobas.es\/eviden\/wp-json\/wp\/v2\/media?parent=2081"}],"wp:term":[{"taxonomy":"category","embeddable":true,"href":"https:\/\/www.sitescobas.es\/eviden\/wp-json\/wp\/v2\/categories?post=2081"},{"taxonomy":"post_tag","embeddable":true,"href":"https:\/\/www.sitescobas.es\/eviden\/wp-json\/wp\/v2\/tags?post=2081"}],"curies":[{"name":"wp","href":"https:\/\/api.w.org\/{rel}","templated":true}]}}