{"id":2017,"date":"2026-01-09T10:43:42","date_gmt":"2026-01-09T09:43:42","guid":{"rendered":"https:\/\/www.sitescobas.es\/eviden\/?p=2017"},"modified":"2026-01-09T10:48:23","modified_gmt":"2026-01-09T09:48:23","slug":"politica-de-desconexion-digital-mucha-palabra-y-poco-compromiso","status":"publish","type":"post","link":"https:\/\/www.sitescobas.es\/eviden\/2026\/01\/09\/politica-de-desconexion-digital-mucha-palabra-y-poco-compromiso\/","title":{"rendered":"Pol\u00edtica de desconexi\u00f3n digital, mucha palabra y poco compromiso"},"content":{"rendered":"\n<p>El pasado 22 de diciembre la empresa envi\u00f3 a toda la plantilla un correo con la Pol\u00edtica de desconexi\u00f3n digital en el que adjuntaban un documento con la normativa interna.<\/p>\n\n\n\n<p>Lo primero y m\u00e1s llamativo es c\u00f3mo presumen en dicho correo del compromiso del Grupo Atos con el bienestar de la plantilla, cuando la realidad es que, la normativa vigente obliga a las empresas a tener esta normativa desde 2018 y pese a que COBAS lo ha reclamado desde hace varios a\u00f1os, hasta que no pusimos una denuncia a Inspecci\u00f3n de Trabajo, la empresa no se ha molestado en acatar la ley.<\/p>\n\n\n\n<p>En cuanto al documento publicado, tal como ya os dijimos en nuestro <a href=\"https:\/\/www.sitescobas.es\/eviden\/2025\/11\/28\/protocolo-de-desconexion-de-atos-spain\/\">blog<\/a>, se trata de un documento inconcreto y con poco compromiso, solo intenciones, como ejemplo: <em>\u201cSiempre que sea posible, se evitar\u00e1 la realizaci\u00f3n de llamadas o el env\u00edo de comunicaciones profesionales finalizada la jornada laboral o fuera del horario\u201d<\/em><\/p>\n\n\n\n<p>Frases de este tipo se encuentran en todo el documento, lo que no garantiza que se cumpla con la normativa de desconexi\u00f3n digital.<span style=\"font-size: revert;color: initial\">Tambi\u00e9n alegan que, a la hora de convocar reuniones la persona convocante puede no conocer el horario, excusando as\u00ed que las reuniones se puedan hacer fuera del horario laboral, por lo que una vez m\u00e1s no se garantiza el derecho a la desconexi\u00f3n digital.<\/span><\/p>\n\n\n\n<p>Con todo esto, os recomendamos que en vuestra firma en el correo electr\u00f3nico pong\u00e1is vuestro horario de trabajo, y adem\u00e1s que en Teams configur\u00e9is vuestro horario de trabajo, que hace que si os intentan poner una reuni\u00f3n fuera de este a la persona que est\u00e1 convocando le aparezca en rojo esas horas indicando que no est\u00e1s disponible (pod\u00e9is ver c\u00f3mo hacerlo <a href=\"https:\/\/www.sitescobas.es\/eviden\/wp-content\/uploads\/sites\/8\/2025\/12\/Configurar-horario-en-Teams.pdf\">aqu\u00ed<\/a>). De esta manera no podr\u00e1n alegar que no conocen vuestro horario.<\/p>\n\n\n\n<p>Por nuestra parte, dado que la direcci\u00f3n ha ignorado todas nuestras sugerencias a este documento, analizaremos las medidas que podemos tomar para defender el derecho a la desconexi\u00f3n digital de las personas trabajadoras de Atos Spain, tal como exige la ley.<\/p>\n","protected":false},"excerpt":{"rendered":"<div class=\"mh-excerpt\">El pasado 22 de diciembre la empresa envi\u00f3 a toda la plantilla un correo con la Pol\u00edtica de desconexi\u00f3n digital en el que adjuntaban un documento con la normativa interna. Lo primero y m\u00e1s llamativo <a class=\"mh-excerpt-more\" href=\"https:\/\/www.sitescobas.es\/eviden\/2026\/01\/09\/politica-de-desconexion-digital-mucha-palabra-y-poco-compromiso\/\" title=\"Pol\u00edtica de desconexi\u00f3n digital, mucha palabra y poco compromiso\">[&#8230;]<\/a><\/div>\n","protected":false},"author":16,"featured_media":2021,"comment_status":"open","ping_status":"open","sticky":false,"template":"","format":"standard","meta":{"_kadence_starter_templates_imported_post":false,"footnotes":""},"categories":[3],"tags":[5,28,7,12],"class_list":{"0":"post-2017","1":"post","2":"type-post","3":"status-publish","4":"format-standard","5":"has-post-thumbnail","7":"category-publicaciones","8":"tag-atos-spain","9":"tag-grupo-atos","10":"tag-grupo-eviden","11":"tag-salud-laboral"},"_links":{"self":[{"href":"https:\/\/www.sitescobas.es\/eviden\/wp-json\/wp\/v2\/posts\/2017","targetHints":{"allow":["GET"]}}],"collection":[{"href":"https:\/\/www.sitescobas.es\/eviden\/wp-json\/wp\/v2\/posts"}],"about":[{"href":"https:\/\/www.sitescobas.es\/eviden\/wp-json\/wp\/v2\/types\/post"}],"author":[{"embeddable":true,"href":"https:\/\/www.sitescobas.es\/eviden\/wp-json\/wp\/v2\/users\/16"}],"replies":[{"embeddable":true,"href":"https:\/\/www.sitescobas.es\/eviden\/wp-json\/wp\/v2\/comments?post=2017"}],"version-history":[{"count":1,"href":"https:\/\/www.sitescobas.es\/eviden\/wp-json\/wp\/v2\/posts\/2017\/revisions"}],"predecessor-version":[{"id":2019,"href":"https:\/\/www.sitescobas.es\/eviden\/wp-json\/wp\/v2\/posts\/2017\/revisions\/2019"}],"wp:featuredmedia":[{"embeddable":true,"href":"https:\/\/www.sitescobas.es\/eviden\/wp-json\/wp\/v2\/media\/2021"}],"wp:attachment":[{"href":"https:\/\/www.sitescobas.es\/eviden\/wp-json\/wp\/v2\/media?parent=2017"}],"wp:term":[{"taxonomy":"category","embeddable":true,"href":"https:\/\/www.sitescobas.es\/eviden\/wp-json\/wp\/v2\/categories?post=2017"},{"taxonomy":"post_tag","embeddable":true,"href":"https:\/\/www.sitescobas.es\/eviden\/wp-json\/wp\/v2\/tags?post=2017"}],"curies":[{"name":"wp","href":"https:\/\/api.w.org\/{rel}","templated":true}]}}