{"id":1993,"date":"2025-12-23T08:41:16","date_gmt":"2025-12-23T07:41:16","guid":{"rendered":"https:\/\/www.sitescobas.es\/eviden\/?p=1993"},"modified":"2025-12-23T08:41:16","modified_gmt":"2025-12-23T07:41:16","slug":"calendarios-laborales-de-2026-en-atos-spain","status":"publish","type":"post","link":"https:\/\/www.sitescobas.es\/eviden\/2025\/12\/23\/calendarios-laborales-de-2026-en-atos-spain\/","title":{"rendered":"Calendarios laborales de 2026 en Atos Spain."},"content":{"rendered":"\n<p>A continuaci\u00f3n, os compartimos los calendarios laborales de Atos Spain del a\u00f1o 2026 de todos los centros de trabajo de Atos Spain.<\/p>\n\n\n\n<p>Cabe destacar que en el centro de trabajo de Vigo existe un exceso de jornada, por lo que la jornada intensiva de verano para las personas adscritas a dicho centro de trabajo, tendr\u00e1 un d\u00eda m\u00e1s, comenzando el d\u00eda 15 de junio.<\/p>\n\n\n\n<p><a href=\"https:\/\/www.sitescobas.es\/eviden\/wp-content\/uploads\/sites\/8\/2025\/12\/Barcelona2026.pdf\" target=\"_blank\" rel=\"noreferrer noopener\">Barcelona<\/a><\/p>\n\n\n\n<p><a href=\"https:\/\/www.sitescobas.es\/eviden\/wp-content\/uploads\/sites\/8\/2025\/12\/Bilbao2026.pdf\" target=\"_blank\" rel=\"noreferrer noopener\">Bilbao<\/a><\/p>\n\n\n\n<p><a href=\"https:\/\/www.sitescobas.es\/eviden\/wp-content\/uploads\/sites\/8\/2025\/12\/Madrid2026.pdf\" target=\"_blank\" rel=\"noreferrer noopener\">Madrid<\/a><\/p>\n\n\n\n<p><a href=\"https:\/\/www.sitescobas.es\/eviden\/wp-content\/uploads\/sites\/8\/2025\/12\/Santander2026.pdf\" target=\"_blank\" rel=\"noreferrer noopener\">Santander<\/a><\/p>\n\n\n\n<p><a href=\"https:\/\/www.sitescobas.es\/eviden\/wp-content\/uploads\/sites\/8\/2025\/12\/Santiago2026.pdf\">Santiago de <\/a><a href=\"https:\/\/www.sitescobas.es\/eviden\/wp-content\/uploads\/sites\/8\/2025\/12\/Santiago2026.pdf\" target=\"_blank\" rel=\"noreferrer noopener\">Compostela<\/a><\/p>\n\n\n\n<p><a href=\"https:\/\/www.sitescobas.es\/eviden\/wp-content\/uploads\/sites\/8\/2025\/12\/Sevilla2026.pdf\" target=\"_blank\" rel=\"noreferrer noopener\">Sevilla<\/a><\/p>\n\n\n\n<p><a href=\"https:\/\/www.sitescobas.es\/eviden\/wp-content\/uploads\/sites\/8\/2025\/12\/Toledo2026.pdf\" target=\"_blank\" rel=\"noreferrer noopener\">Toledo<\/a><\/p>\n\n\n\n<p><a href=\"https:\/\/www.sitescobas.es\/eviden\/wp-content\/uploads\/sites\/8\/2025\/12\/Valencia2026.pdf\" target=\"_blank\" rel=\"noreferrer noopener\">Valencia<\/a><\/p>\n\n\n\n<p><a href=\"https:\/\/www.sitescobas.es\/eviden\/wp-content\/uploads\/sites\/8\/2025\/12\/Valladolid2026.pdf\" target=\"_blank\" rel=\"noreferrer noopener\">Valladolid<\/a><\/p>\n\n\n\n<p><a href=\"https:\/\/www.sitescobas.es\/eviden\/wp-content\/uploads\/sites\/8\/2025\/12\/Vigo2026.pdf\" target=\"_blank\" rel=\"noreferrer noopener\">Vigo<\/a><\/p>\n\n\n\n<p><a href=\"https:\/\/www.sitescobas.es\/eviden\/wp-content\/uploads\/sites\/8\/2025\/12\/Zaragoza2026.pdf\" target=\"_blank\" rel=\"noreferrer noopener\">Zaragoza<\/a><\/p>\n","protected":false},"excerpt":{"rendered":"<div class=\"mh-excerpt\">A continuaci\u00f3n, os compartimos los calendarios laborales de Atos Spain del a\u00f1o 2026 de todos los centros de trabajo de Atos Spain. Cabe destacar que en el centro de trabajo de Vigo existe un exceso <a class=\"mh-excerpt-more\" href=\"https:\/\/www.sitescobas.es\/eviden\/2025\/12\/23\/calendarios-laborales-de-2026-en-atos-spain\/\" title=\"Calendarios laborales de 2026 en Atos Spain.\">[&#8230;]<\/a><\/div>\n","protected":false},"author":16,"featured_media":2006,"comment_status":"open","ping_status":"open","sticky":false,"template":"","format":"standard","meta":{"_kadence_starter_templates_imported_post":false,"footnotes":""},"categories":[3],"tags":[5,14],"class_list":{"0":"post-1993","1":"post","2":"type-post","3":"status-publish","4":"format-standard","5":"has-post-thumbnail","7":"category-publicaciones","8":"tag-atos-spain","9":"tag-utiles"},"_links":{"self":[{"href":"https:\/\/www.sitescobas.es\/eviden\/wp-json\/wp\/v2\/posts\/1993","targetHints":{"allow":["GET"]}}],"collection":[{"href":"https:\/\/www.sitescobas.es\/eviden\/wp-json\/wp\/v2\/posts"}],"about":[{"href":"https:\/\/www.sitescobas.es\/eviden\/wp-json\/wp\/v2\/types\/post"}],"author":[{"embeddable":true,"href":"https:\/\/www.sitescobas.es\/eviden\/wp-json\/wp\/v2\/users\/16"}],"replies":[{"embeddable":true,"href":"https:\/\/www.sitescobas.es\/eviden\/wp-json\/wp\/v2\/comments?post=1993"}],"version-history":[{"count":2,"href":"https:\/\/www.sitescobas.es\/eviden\/wp-json\/wp\/v2\/posts\/1993\/revisions"}],"predecessor-version":[{"id":2007,"href":"https:\/\/www.sitescobas.es\/eviden\/wp-json\/wp\/v2\/posts\/1993\/revisions\/2007"}],"wp:featuredmedia":[{"embeddable":true,"href":"https:\/\/www.sitescobas.es\/eviden\/wp-json\/wp\/v2\/media\/2006"}],"wp:attachment":[{"href":"https:\/\/www.sitescobas.es\/eviden\/wp-json\/wp\/v2\/media?parent=1993"}],"wp:term":[{"taxonomy":"category","embeddable":true,"href":"https:\/\/www.sitescobas.es\/eviden\/wp-json\/wp\/v2\/categories?post=1993"},{"taxonomy":"post_tag","embeddable":true,"href":"https:\/\/www.sitescobas.es\/eviden\/wp-json\/wp\/v2\/tags?post=1993"}],"curies":[{"name":"wp","href":"https:\/\/api.w.org\/{rel}","templated":true}]}}