{"id":1455,"date":"2025-01-10T08:08:46","date_gmt":"2025-01-10T08:08:46","guid":{"rendered":"https:\/\/www.sitescobas.es\/eviden\/?p=1455"},"modified":"2025-01-10T08:08:47","modified_gmt":"2025-01-10T08:08:47","slug":"calendarios-laborales-de-atos-spain-2025","status":"publish","type":"post","link":"https:\/\/www.sitescobas.es\/eviden\/2025\/01\/10\/calendarios-laborales-de-atos-spain-2025\/","title":{"rendered":"Calendarios laborales de Atos Spain 2025"},"content":{"rendered":"\n<p>Como cada a\u00f1o, queremos compartiros los calendarios laborales de Atos Spain.<\/p>\n\n\n\n<p>En 2025, la pr\u00e1ctica totalidad de centros de trabajo no superar\u00e1n las 1760 horas de c\u00f3mputo m\u00e1ximo anual, por lo que, a diferencia de 2024, la jornada intensiva de verano comenzar\u00e1 el 16 de junio y finalizar\u00e1 el 31 de agosto, y dispondremos, tal como indica el Acuerdo Marco, de 24 d\u00edas laborables de vacaciones.<\/p>\n\n\n\n<p>Sin embargo, <strong>en el centro de trabajo de Santiago de Compostela<\/strong>, s\u00ed existe un exceso de jornada por lo que dicho exceso se compensar\u00e1 con la ampliaci\u00f3n de la jornada intensiva de verano, inici\u00e1ndose \u00fanicamente en este centro de trabajo el 9 de junio.<\/p>\n\n\n\n<p>Adem\u00e1s, <strong>en el centro de trabajo de Valencia<\/strong>, se da como festivo retribuido y recuperable el 24 de junio. Esto significa que, el d\u00eda 24 de junio las personas de Atos Spain que pertenecen al centro de trabajo de Valencia, podr\u00e1n tomarlo como festivo, pero <strong>esas siete horas de trabajo deber\u00e1n ser recuperadas<\/strong>.<\/p>\n\n\n\n<p>A continuaci\u00f3n, podr\u00e9is acceder a cada uno de los calendarios laborales:<\/p>\n\n\n\n<p><a href=\"https:\/\/www.sitescobas.es\/eviden\/wp-content\/uploads\/sites\/8\/2025\/01\/Barcelona2025.pdf\" target=\"_blank\" rel=\"noreferrer noopener\">Barcelona<\/a><\/p>\n\n\n\n<p><a href=\"https:\/\/www.sitescobas.es\/eviden\/wp-content\/uploads\/sites\/8\/2025\/01\/Bilbao2025.pdf\" target=\"_blank\" rel=\"noreferrer noopener\">Bilbao<\/a><\/p>\n\n\n\n<p><a href=\"https:\/\/www.sitescobas.es\/eviden\/wp-content\/uploads\/sites\/8\/2025\/01\/Madrid2025.pdf\" target=\"_blank\" rel=\"noreferrer noopener\">Madrid<\/a><\/p>\n\n\n\n<p><a href=\"https:\/\/www.sitescobas.es\/eviden\/wp-content\/uploads\/sites\/8\/2025\/01\/Santander2025.pdf\" target=\"_blank\" rel=\"noreferrer noopener\">Santander<\/a><\/p>\n\n\n\n<p><a href=\"https:\/\/www.sitescobas.es\/eviden\/wp-content\/uploads\/sites\/8\/2025\/01\/Santiago2025.pdf\" target=\"_blank\" rel=\"noreferrer noopener\">Santiago<\/a><\/p>\n\n\n\n<p><a href=\"https:\/\/www.sitescobas.es\/eviden\/wp-content\/uploads\/sites\/8\/2025\/01\/Sevilla2025.pdf\" target=\"_blank\" rel=\"noreferrer noopener\">Sevilla<\/a><\/p>\n\n\n\n<p><a href=\"https:\/\/www.sitescobas.es\/eviden\/wp-content\/uploads\/sites\/8\/2025\/01\/Toledo2025.pdf\" target=\"_blank\" rel=\"noreferrer noopener\">Toledo<\/a><\/p>\n\n\n\n<p><a href=\"https:\/\/www.sitescobas.es\/eviden\/wp-content\/uploads\/sites\/8\/2025\/01\/Valencia2025.pdf\" target=\"_blank\" rel=\"noreferrer noopener\">Valencia<\/a><\/p>\n\n\n\n<p><a href=\"https:\/\/www.sitescobas.es\/eviden\/wp-content\/uploads\/sites\/8\/2025\/01\/Valladolid2025.pdf\" target=\"_blank\" rel=\"noreferrer noopener\">Valladolid<\/a><\/p>\n\n\n\n<p><a href=\"https:\/\/www.sitescobas.es\/eviden\/wp-content\/uploads\/sites\/8\/2025\/01\/Vigo2025.pdf\" target=\"_blank\" rel=\"noreferrer noopener\">Vigo<\/a><\/p>\n\n\n\n<p><a href=\"https:\/\/www.sitescobas.es\/eviden\/wp-content\/uploads\/sites\/8\/2025\/01\/Zaragoza2025.pdf\" target=\"_blank\" rel=\"noreferrer noopener\">Zaragoza<\/a><\/p>\n\n\n\n<p>Esperamos que os resulten de utilidad.<\/p>\n","protected":false},"excerpt":{"rendered":"<div class=\"mh-excerpt\">Como cada a\u00f1o, queremos compartiros los calendarios laborales de Atos Spain. En 2025, la pr\u00e1ctica totalidad de centros de trabajo no superar\u00e1n las 1760 horas de c\u00f3mputo m\u00e1ximo anual, por lo que, a diferencia de <a class=\"mh-excerpt-more\" href=\"https:\/\/www.sitescobas.es\/eviden\/2025\/01\/10\/calendarios-laborales-de-atos-spain-2025\/\" title=\"Calendarios laborales de Atos Spain 2025\">[&#8230;]<\/a><\/div>\n","protected":false},"author":16,"featured_media":1456,"comment_status":"open","ping_status":"open","sticky":false,"template":"","format":"standard","meta":{"_kadence_starter_templates_imported_post":false,"footnotes":""},"categories":[3],"tags":[5],"class_list":{"0":"post-1455","1":"post","2":"type-post","3":"status-publish","4":"format-standard","5":"has-post-thumbnail","7":"category-publicaciones","8":"tag-atos-spain"},"_links":{"self":[{"href":"https:\/\/www.sitescobas.es\/eviden\/wp-json\/wp\/v2\/posts\/1455","targetHints":{"allow":["GET"]}}],"collection":[{"href":"https:\/\/www.sitescobas.es\/eviden\/wp-json\/wp\/v2\/posts"}],"about":[{"href":"https:\/\/www.sitescobas.es\/eviden\/wp-json\/wp\/v2\/types\/post"}],"author":[{"embeddable":true,"href":"https:\/\/www.sitescobas.es\/eviden\/wp-json\/wp\/v2\/users\/16"}],"replies":[{"embeddable":true,"href":"https:\/\/www.sitescobas.es\/eviden\/wp-json\/wp\/v2\/comments?post=1455"}],"version-history":[{"count":2,"href":"https:\/\/www.sitescobas.es\/eviden\/wp-json\/wp\/v2\/posts\/1455\/revisions"}],"predecessor-version":[{"id":1458,"href":"https:\/\/www.sitescobas.es\/eviden\/wp-json\/wp\/v2\/posts\/1455\/revisions\/1458"}],"wp:featuredmedia":[{"embeddable":true,"href":"https:\/\/www.sitescobas.es\/eviden\/wp-json\/wp\/v2\/media\/1456"}],"wp:attachment":[{"href":"https:\/\/www.sitescobas.es\/eviden\/wp-json\/wp\/v2\/media?parent=1455"}],"wp:term":[{"taxonomy":"category","embeddable":true,"href":"https:\/\/www.sitescobas.es\/eviden\/wp-json\/wp\/v2\/categories?post=1455"},{"taxonomy":"post_tag","embeddable":true,"href":"https:\/\/www.sitescobas.es\/eviden\/wp-json\/wp\/v2\/tags?post=1455"}],"curies":[{"name":"wp","href":"https:\/\/api.w.org\/{rel}","templated":true}]}}